{"id":33625,"date":"2024-10-22T09:20:33","date_gmt":"2024-10-22T07:20:33","guid":{"rendered":"https:\/\/wtw.waw.pl\/?p=33625"},"modified":"2024-10-22T09:20:33","modified_gmt":"2024-10-22T07:20:33","slug":"ostatni-wioslarski-akord-sezonu-centralne-regaty-w-poznaniu","status":"publish","type":"post","link":"https:\/\/wpserwis.cfolks.pl\/r2\/ostatni-wioslarski-akord-sezonu-centralne-regaty-w-poznaniu\/","title":{"rendered":"OSTATNI WIO\u015aLARSKI AKORD SEZONU: CENTRALNE REGATY W POZNANIU"},"content":{"rendered":"<div class=\"xdj266r x11i5rnm xat24cr x1mh8g0r x1vvkbs x126k92a\">\n<div dir=\"auto\">Centralne Kontrolne Regaty Jesienne za nami.<\/div>\n<div dir=\"auto\">&nbsp;<\/div>\n<\/div>\n<div class=\"x11i5rnm xat24cr x1mh8g0r x1vvkbs xtlvy1s x126k92a\">\n<div dir=\"auto\"><span class=\"html-span xdj266r x11i5rnm xat24cr x1mh8g0r xexx8yu x4uap5 x18d9i69 xkhd6sd x1hl2dhg x16tdsg8 x1vvkbs\">Nasz klub <\/span>wybra\u0142 si\u0119 na te regaty skromnym, ale konkretnie mocnym sk\u0142adem.<\/div>\n<div dir=\"auto\">&nbsp;<\/div>\n<\/div>\n<div class=\"x11i5rnm xat24cr x1mh8g0r x1vvkbs xtlvy1s x126k92a\">\n<div dir=\"auto\"><span class=\"html-span xdj266r x11i5rnm xat24cr x1mh8g0r xexx8yu x4uap5 x18d9i69 xkhd6sd x1hl2dhg x16tdsg8 x1vvkbs\">Piotr P\u0142omi\u0144ski <\/span>w konkurencji jedynek Senior\u00f3w wygra\u0142 pewnie wszystkie cztery wy\u015bcigi .<\/div>\n<div dir=\"auto\">Konrad Doma\u0144ski po d\u0142ugim i wyczerpuj\u0105cym sezonie zajmowa\u0142 miejsca od 6 do 9. Panowie ju\u017c na pocz\u0105tku listopada wyrusz\u0105 na konsultacje kadry narodowej wiose\u0142 kr\u00f3tkich do Wa\u0142cza.<\/div>\n<div dir=\"auto\">&nbsp;<\/div>\n<\/div>\n<div class=\"x11i5rnm xat24cr x1mh8g0r x1vvkbs xtlvy1s x126k92a\">\n<div dir=\"auto\">Nasze juniorki m\u0142odsze Josephine Schlesinger&nbsp; i Oktawia Wendling Stankiewicz, po przedbiegu trafi\u0142y do fina\u0142u A, w kt\u00f3rym wyst\u0105pi\u0142y dwukrotnie i zajmowa\u0142y tam 8 lokat\u0119. W ostatnim biegu pewnie wygra\u0142y fina\u0142 B. Warto wspomnie\u0107, \u017ce by\u0142a to rywalizacja \u0142\u0105czona z juniorkami. Nasze dziewczyny by\u0142y najlepsze w swoich rocznikach .<\/div>\n<div dir=\"auto\">&nbsp;<\/div>\n<\/div>\n<div class=\"x11i5rnm xat24cr x1mh8g0r x1vvkbs xtlvy1s x126k92a\">\n<div dir=\"auto\">Te regaty ko\u0144cz\u0105 rywalizacj\u0119 w sezonie 2024&nbsp;. Dzi\u0119kujemy za tyle emocji jakich dostarczyli\u015bcie nam w sezonie 2024. Dzi\u0119kujemy zawodnikom za walk\u0119 i zdobyte medale, a trenerom za cierpliwo\u015b\u0107 i \u015bwietne wyszkolenie zawodnik\u00f3w.<\/div>\n<\/div>\n<div class=\"x11i5rnm xat24cr x1mh8g0r x1vvkbs xtlvy1s x126k92a\">\n<div dir=\"auto\">&nbsp;<\/div>\n<div dir=\"auto\">Przyjdzie jeszcze czas na podsumowania\u2026, a tymczasem: WIELKIE BRAWA CA\u0141Y <span class=\"html-span xdj266r x11i5rnm xat24cr x1mh8g0r xexx8yu x4uap5 x18d9i69 xkhd6sd x1hl2dhg x16tdsg8 x1vvkbs\"><a class=\"x1i10hfl xjbqb8w x1ejq31n xd10rxx x1sy0etr x17r0tee x972fbf xcfux6l x1qhh985 xm0m39n x9f619 x1ypdohk xt0psk2 xe8uvvx xdj266r x11i5rnm xat24cr x1mh8g0r xexx8yu x4uap5 x18d9i69 xkhd6sd x16tdsg8 x1hl2dhg xggy1nq x1a2a7pz x1sur9pj xkrqix3 x1fey0fg x1s688f\" tabindex=\"0\" role=\"link\" href=\"https:\/\/www.facebook.com\/hashtag\/wtwteam?__eep__=6&amp;__cft__[0]=AZXDIvCAzzLsAxxv8crEhzj6c1_b1dRNkATZKGQV5F9No9Wkk4cvNI_vba6lodWsJHTzdCWHQPXUif4CJAMa65X5K5OjPIjKcZlu03GGmLGPoy0rk0VJwq6Ao0WVklBOTVmSCkmXmhI4hMbqoTQ4diR8RWDecGDnVVU2kUit38ixkVnSxip3kCbybG4hml8lB7I&amp;__tn__=*NK-R\">#wtwteam<\/a><\/span><\/div>\n<\/div>\n<div dir=\"auto\">&nbsp;<\/div>\n<div dir=\"auto\"><a href=\"https:\/\/wpserwis.cfolks.pl\/r2\/wp-content\/uploads\/2024\/10\/463641678_18459924778016863_5528837335798169784_n.jpg\"><img loading=\"lazy\" decoding=\"async\" class=\"alignnone wp-image-33626 size-medium\" src=\"https:\/\/wpserwis.cfolks.pl\/r2\/wp-content\/uploads\/2024\/10\/463641678_18459924778016863_5528837335798169784_n-267x300.jpg\" alt=\"\" width=\"267\" height=\"300\"><\/a> <a href=\"https:\/\/wpserwis.cfolks.pl\/r2\/wp-content\/uploads\/2024\/10\/463894135_18459924814016863_6134940622173028583_n.jpg\"><img loading=\"lazy\" decoding=\"async\" class=\"alignnone wp-image-33627 size-medium\" src=\"https:\/\/wpserwis.cfolks.pl\/r2\/wp-content\/uploads\/2024\/10\/463894135_18459924814016863_6134940622173028583_n-267x300.jpg\" alt=\"\" width=\"267\" height=\"300\"><\/a> <a href=\"https:\/\/wpserwis.cfolks.pl\/r2\/wp-content\/uploads\/2024\/10\/463948171_18459924769016863_3947476804033250439_n.jpg\"><img loading=\"lazy\" decoding=\"async\" class=\"alignnone wp-image-33628 size-medium\" src=\"https:\/\/wpserwis.cfolks.pl\/r2\/wp-content\/uploads\/2024\/10\/463948171_18459924769016863_3947476804033250439_n-267x300.jpg\" alt=\"\" width=\"267\" height=\"300\"><\/a> <a href=\"https:\/\/wpserwis.cfolks.pl\/r2\/wp-content\/uploads\/2024\/10\/464156266_18459924757016863_553039596050919750_n.jpg\"><img loading=\"lazy\" decoding=\"async\" class=\"alignnone wp-image-33629 size-medium\" src=\"https:\/\/wpserwis.cfolks.pl\/r2\/wp-content\/uploads\/2024\/10\/464156266_18459924757016863_553039596050919750_n-267x300.jpg\" alt=\"\" width=\"267\" height=\"300\"><\/a> <a href=\"https:\/\/wpserwis.cfolks.pl\/r2\/wp-content\/uploads\/2024\/10\/464208282_18459924790016863_7319086448695610661_n.jpg\"><img loading=\"lazy\" decoding=\"async\" class=\"alignnone wp-image-33630 size-medium\" src=\"https:\/\/wpserwis.cfolks.pl\/r2\/wp-content\/uploads\/2024\/10\/464208282_18459924790016863_7319086448695610661_n-267x300.jpg\" alt=\"\" width=\"267\" height=\"300\"><\/a><\/div>\n<div dir=\"auto\">&nbsp;<\/div>\n<div dir=\"auto\">&nbsp;<\/div>\n<div dir=\"auto\">&nbsp;<\/div>\n<div dir=\"auto\">&nbsp;<\/div>\n<div dir=\"auto\">.<\/div>\n","protected":false},"excerpt":{"rendered":"<p>Centralne Kontrolne Regaty Jesienne za nami. &nbsp; Nasz klub wybra\u0142 si\u0119 na te regaty skromnym, ale konkretnie mocnym sk\u0142adem. &nbsp; Piotr P\u0142omi\u0144ski w konkurencji jedynek Senior\u00f3w wygra\u0142 pewnie wszystkie cztery wy\u015bcigi . Konrad Doma\u0144ski po d\u0142ugim i wyczerpuj\u0105cym sezonie zajmowa\u0142 miejsca od 6 do 9. Panowie ju\u017c na pocz\u0105tku listopada wyrusz\u0105 na konsultacje kadry narodowej [&hellip;]<\/p>\n","protected":false},"author":1,"featured_media":33629,"comment_status":"closed","ping_status":"closed","sticky":false,"template":"","format":"standard","meta":{"_acf_changed":false,"footnotes":""},"categories":[1],"tags":[],"class_list":["post-33625","post","type-post","status-publish","format-standard","has-post-thumbnail","hentry","category-bez-kategorii"],"acf":[],"_links":{"self":[{"href":"https:\/\/wpserwis.cfolks.pl\/r2\/wp-json\/wp\/v2\/posts\/33625","targetHints":{"allow":["GET"]}}],"collection":[{"href":"https:\/\/wpserwis.cfolks.pl\/r2\/wp-json\/wp\/v2\/posts"}],"about":[{"href":"https:\/\/wpserwis.cfolks.pl\/r2\/wp-json\/wp\/v2\/types\/post"}],"author":[{"embeddable":true,"href":"https:\/\/wpserwis.cfolks.pl\/r2\/wp-json\/wp\/v2\/users\/1"}],"replies":[{"embeddable":true,"href":"https:\/\/wpserwis.cfolks.pl\/r2\/wp-json\/wp\/v2\/comments?post=33625"}],"version-history":[{"count":0,"href":"https:\/\/wpserwis.cfolks.pl\/r2\/wp-json\/wp\/v2\/posts\/33625\/revisions"}],"wp:featuredmedia":[{"embeddable":true,"href":"https:\/\/wpserwis.cfolks.pl\/r2\/wp-json\/"}],"wp:attachment":[{"href":"https:\/\/wpserwis.cfolks.pl\/r2\/wp-json\/wp\/v2\/media?parent=33625"}],"wp:term":[{"taxonomy":"category","embeddable":true,"href":"https:\/\/wpserwis.cfolks.pl\/r2\/wp-json\/wp\/v2\/categories?post=33625"},{"taxonomy":"post_tag","embeddable":true,"href":"https:\/\/wpserwis.cfolks.pl\/r2\/wp-json\/wp\/v2\/tags?post=33625"}],"curies":[{"name":"wp","href":"https:\/\/api.w.org\/{rel}","templated":true}]}}