{"id":33718,"date":"2024-11-04T12:38:14","date_gmt":"2024-11-04T11:38:14","guid":{"rendered":"https:\/\/wtw.waw.pl\/?p=33718"},"modified":"2024-11-04T12:38:14","modified_gmt":"2024-11-04T11:38:14","slug":"mogila-wtw-na-powazkach-dziekujemy-za-odwiedziny","status":"publish","type":"post","link":"https:\/\/wpserwis.cfolks.pl\/r2\/mogila-wtw-na-powazkach-dziekujemy-za-odwiedziny\/","title":{"rendered":"MOGI\u0141A WTW NA POW\u0104ZKACH &#8211; DZI\u0118KUJEMY ZA ODWIEDZINY"},"content":{"rendered":"<p>Chcieli\u015bmy bardzo serdecznie podzi\u0119kowa\u0107 wszystkim osobom, kt\u00f3re odwiedzi\u0142y <span style=\"color: #0000ff;\"><a style=\"color: #0000ff;\" href=\"https:\/\/wpserwis.cfolks.pl\/r2\/mogila-stare-powazki\/\">mogi\u0142\u0119 WTW na Starych Pow\u0105zkach<\/a><\/span>. W szczeg\u00f3lno\u015bci dzi\u0119kujemy naszym pracownikom i ich rodzinom: Pani Ma\u0142gorzacie Nalepie i Panu Przemys\u0142awowi Pazikowskiemu oraz wszystkim pozosta\u0142ym, bezimiennym osobom, kt\u00f3re w ostatnich dniach odwiedzi\u0142y gr\u00f3b Towarzystwa i zapali\u0142y symbolicznie znicze.<\/p>\n<p>Jeste\u015bcie wspaniali.<\/p>\n<p>Dzi\u0119kujemy !<\/p>\n<p>&nbsp;<\/p>\n<p>&nbsp;<\/p>\n<p><a href=\"https:\/\/wpserwis.cfolks.pl\/r2\/wp-content\/uploads\/2024\/11\/IMG_20241101_094315650-scaled.jpg\"><img loading=\"lazy\" decoding=\"async\" class=\"alignnone wp-image-33719 size-medium\" src=\"https:\/\/wpserwis.cfolks.pl\/r2\/wp-content\/uploads\/2024\/11\/IMG_20241101_094315650-135x300.jpg\" alt=\"\" width=\"135\" height=\"300\"><\/a><\/p>\n<p>&nbsp;<\/p>\n<p>&nbsp;<\/p>\n<p>&nbsp;<\/p>\n<p>&nbsp;<\/p>\n","protected":false},"excerpt":{"rendered":"<p>Chcieli\u015bmy bardzo serdecznie podzi\u0119kowa\u0107 wszystkim osobom, kt\u00f3re odwiedzi\u0142y mogi\u0142\u0119 WTW na Starych Pow\u0105zkach. W szczeg\u00f3lno\u015bci dzi\u0119kujemy naszym pracownikom i ich rodzinom: Pani Ma\u0142gorzacie Nalepie i Panu Przemys\u0142awowi Pazikowskiemu oraz wszystkim pozosta\u0142ym, bezimiennym osobom, kt\u00f3re w ostatnich dniach odwiedzi\u0142y gr\u00f3b Towarzystwa i zapali\u0142y symbolicznie znicze. Jeste\u015bcie wspaniali. Dzi\u0119kujemy ! &nbsp; &nbsp; &nbsp; &nbsp; &nbsp; &nbsp;<\/p>\n","protected":false},"author":1,"featured_media":33720,"comment_status":"closed","ping_status":"closed","sticky":false,"template":"","format":"standard","meta":{"_acf_changed":false,"footnotes":""},"categories":[1],"tags":[],"class_list":["post-33718","post","type-post","status-publish","format-standard","has-post-thumbnail","hentry","category-bez-kategorii"],"acf":[],"_links":{"self":[{"href":"https:\/\/wpserwis.cfolks.pl\/r2\/wp-json\/wp\/v2\/posts\/33718","targetHints":{"allow":["GET"]}}],"collection":[{"href":"https:\/\/wpserwis.cfolks.pl\/r2\/wp-json\/wp\/v2\/posts"}],"about":[{"href":"https:\/\/wpserwis.cfolks.pl\/r2\/wp-json\/wp\/v2\/types\/post"}],"author":[{"embeddable":true,"href":"https:\/\/wpserwis.cfolks.pl\/r2\/wp-json\/wp\/v2\/users\/1"}],"replies":[{"embeddable":true,"href":"https:\/\/wpserwis.cfolks.pl\/r2\/wp-json\/wp\/v2\/comments?post=33718"}],"version-history":[{"count":0,"href":"https:\/\/wpserwis.cfolks.pl\/r2\/wp-json\/wp\/v2\/posts\/33718\/revisions"}],"wp:featuredmedia":[{"embeddable":true,"href":"https:\/\/wpserwis.cfolks.pl\/r2\/wp-json\/"}],"wp:attachment":[{"href":"https:\/\/wpserwis.cfolks.pl\/r2\/wp-json\/wp\/v2\/media?parent=33718"}],"wp:term":[{"taxonomy":"category","embeddable":true,"href":"https:\/\/wpserwis.cfolks.pl\/r2\/wp-json\/wp\/v2\/categories?post=33718"},{"taxonomy":"post_tag","embeddable":true,"href":"https:\/\/wpserwis.cfolks.pl\/r2\/wp-json\/wp\/v2\/tags?post=33718"}],"curies":[{"name":"wp","href":"https:\/\/api.w.org\/{rel}","templated":true}]}}