{"id":33890,"date":"2024-11-25T11:56:12","date_gmt":"2024-11-25T10:56:12","guid":{"rendered":"https:\/\/wtw.waw.pl\/?p=33890"},"modified":"2024-11-25T11:56:12","modified_gmt":"2024-11-25T10:56:12","slug":"tvp-3-z-wizyta-na-fantastycznej-czworce","status":"publish","type":"post","link":"https:\/\/wpserwis.cfolks.pl\/r2\/tvp-3-z-wizyta-na-fantastycznej-czworce\/","title":{"rendered":"TVP 3 Z WIZYT\u0104 NA FANTASTYCZNEJ CZW\u00d3RCE"},"content":{"rendered":"<p>Podczas ostatnich zmaga\u0144 zawod\u00f3w Fantastycznej Czw\u00f3rki na Wio\u015blarskiej 6, odwiedzi\u0142a nas zaprzyja\u017aniona redakcja sportowa TVP3 Warszawa.<\/p>\n<p>Bardzo dzi\u0119kujemy.<\/p>\n<p>Projekt Fantastyczna Czw\u00f3rka, jest finansowany ze \u015brodk\u00f3w Ministerstwa Sportu i Turystyki.<\/p>\n<p>&nbsp;<\/p>\n<p><a href=\"https:\/\/wpserwis.cfolks.pl\/r2\/wp-content\/uploads\/2024\/11\/DSC07611-scaled.jpg\"><img loading=\"lazy\" decoding=\"async\" class=\"alignnone size-large wp-image-33884\" src=\"https:\/\/wpserwis.cfolks.pl\/r2\/wp-content\/uploads\/2024\/11\/DSC07611-1024x683.jpg\" alt=\"\" width=\"1024\" height=\"683\"><\/a> <a href=\"https:\/\/wpserwis.cfolks.pl\/r2\/wp-content\/uploads\/2024\/11\/DSC07584-scaled.jpg\"><img loading=\"lazy\" decoding=\"async\" class=\"alignnone size-large wp-image-33883\" src=\"https:\/\/wpserwis.cfolks.pl\/r2\/wp-content\/uploads\/2024\/11\/DSC07584-1024x683.jpg\" alt=\"\" width=\"1024\" height=\"683\"><\/a><\/p>\n<p>&nbsp;<\/p>\n<p>&nbsp;<\/p>\n<p><iframe loading=\"lazy\" title=\"Fantastyczna Czw\u00f3rka w TVP3\" width=\"640\" height=\"360\" src=\"https:\/\/www.youtube.com\/embed\/wP-9P7MRXMo?feature=oembed\" frameborder=\"0\" allow=\"accelerometer; autoplay; clipboard-write; encrypted-media; gyroscope; picture-in-picture; web-share\" referrerpolicy=\"strict-origin-when-cross-origin\" allowfullscreen><\/iframe><\/p>\n","protected":false},"excerpt":{"rendered":"<p>Podczas ostatnich zmaga\u0144 zawod\u00f3w Fantastycznej Czw\u00f3rki na Wio\u015blarskiej 6, odwiedzi\u0142a nas zaprzyja\u017aniona redakcja sportowa TVP3 Warszawa. Bardzo dzi\u0119kujemy. Projekt Fantastyczna Czw\u00f3rka, jest finansowany ze \u015brodk\u00f3w Ministerstwa Sportu i Turystyki. &nbsp; &nbsp; &nbsp;<\/p>\n","protected":false},"author":1,"featured_media":33875,"comment_status":"closed","ping_status":"closed","sticky":false,"template":"","format":"standard","meta":{"_acf_changed":false,"footnotes":""},"categories":[1,3],"tags":[],"class_list":["post-33890","post","type-post","status-publish","format-standard","has-post-thumbnail","hentry","category-bez-kategorii","category-czworka"],"acf":[],"_links":{"self":[{"href":"https:\/\/wpserwis.cfolks.pl\/r2\/wp-json\/wp\/v2\/posts\/33890","targetHints":{"allow":["GET"]}}],"collection":[{"href":"https:\/\/wpserwis.cfolks.pl\/r2\/wp-json\/wp\/v2\/posts"}],"about":[{"href":"https:\/\/wpserwis.cfolks.pl\/r2\/wp-json\/wp\/v2\/types\/post"}],"author":[{"embeddable":true,"href":"https:\/\/wpserwis.cfolks.pl\/r2\/wp-json\/wp\/v2\/users\/1"}],"replies":[{"embeddable":true,"href":"https:\/\/wpserwis.cfolks.pl\/r2\/wp-json\/wp\/v2\/comments?post=33890"}],"version-history":[{"count":0,"href":"https:\/\/wpserwis.cfolks.pl\/r2\/wp-json\/wp\/v2\/posts\/33890\/revisions"}],"wp:featuredmedia":[{"embeddable":true,"href":"https:\/\/wpserwis.cfolks.pl\/r2\/wp-json\/"}],"wp:attachment":[{"href":"https:\/\/wpserwis.cfolks.pl\/r2\/wp-json\/wp\/v2\/media?parent=33890"}],"wp:term":[{"taxonomy":"category","embeddable":true,"href":"https:\/\/wpserwis.cfolks.pl\/r2\/wp-json\/wp\/v2\/categories?post=33890"},{"taxonomy":"post_tag","embeddable":true,"href":"https:\/\/wpserwis.cfolks.pl\/r2\/wp-json\/wp\/v2\/tags?post=33890"}],"curies":[{"name":"wp","href":"https:\/\/api.w.org\/{rel}","templated":true}]}}