{"id":34892,"date":"2025-01-27T09:28:28","date_gmt":"2025-01-27T08:28:28","guid":{"rendered":"https:\/\/wtw.waw.pl\/?p=34892"},"modified":"2025-01-27T09:28:28","modified_gmt":"2025-01-27T08:28:28","slug":"plominski-wicemistrzem-polski-na-ergometrze","status":"publish","type":"post","link":"https:\/\/wpserwis.cfolks.pl\/r2\/plominski-wicemistrzem-polski-na-ergometrze\/","title":{"rendered":"PIOTR P\u0141OMI\u0143SKI WICEMISTRZEM POLSKI NA ERGOMETRZE"},"content":{"rendered":"<div class=\"xdj266r x11i5rnm xat24cr x1mh8g0r x1vvkbs x126k92a\">\n<div dir=\"auto\"><span class=\"html-span xexx8yu x4uap5 x18d9i69 xkhd6sd x1hl2dhg x16tdsg8 x1vvkbs x3nfvp2 x1j61x8r x1fcty0u xdj266r xat24cr xgzva0m xhhsvwb xxymvpz xlup9mm x1kky2od\">Srebrny <\/span>medal Piotrka P\u0142omi\u0144skiego na Enea Mistrzostwach Polski na ergometrze wio\u015blarskim we Wroc\u0142awiu.<\/div>\n<div dir=\"auto\">Piotrek zaliczy\u0142 bardzo udany start w nowym sezonie. W minion\u0105 sobot\u0119 we Wroc\u0142awiu odby\u0142y si\u0119 ergowios\u0142a, czyli Mistrzostwa Polski na ergometrze wio\u015blarskim.<\/div>\n<div dir=\"auto\">&nbsp;<\/div>\n<\/div>\n<div class=\"x11i5rnm xat24cr x1mh8g0r x1vvkbs xtlvy1s x126k92a\">\n<div dir=\"auto\"><span class=\"html-span xdj266r x11i5rnm xat24cr x1mh8g0r xexx8yu x4uap5 x18d9i69 xkhd6sd x1hl2dhg x16tdsg8 x1vvkbs\">Piotrek <\/span>zdoby\u0142 <span class=\"html-span xexx8yu x4uap5 x18d9i69 xkhd6sd x1hl2dhg x16tdsg8 x1vvkbs x3nfvp2 x1j61x8r x1fcty0u xdj266r xat24cr xgzva0m xhhsvwb xxymvpz xlup9mm x1kky2od\">srebrny<\/span> medal w kategorii Senior\u00f3w z rewelacyjnym czasem 05:47,6 . Wyprzedzi\u0142 go Micha\u0142 Szpakowski (KS Posnania) i to nieznacznie &#8230;.. bo tylko o 0,2 sek. Naprawd\u0119 minimalna przewaga.<\/div>\n<\/div>\n<div class=\"x11i5rnm xat24cr x1mh8g0r x1vvkbs xtlvy1s x126k92a\">\n<div dir=\"auto\">Wielkie brawa. Wynik Piotrka do \u015bwietny prognostyk na nowy sezon startowy 20205 .<\/div>\n<\/div>\n<div dir=\"auto\">Konrad Doma\u0144ski by\u0142 jedenasty.<\/div>\n<div dir=\"auto\">&nbsp;<\/div>\n<div dir=\"auto\">Dobrze wypad\u0142a tr\u00f3jka naszych m\u0142odszych zawodnik\u00f3w: Miko\u0142aj Kot (m\u0142odzie\u017c\u00f3wka), Borys Bieliaiev (junior), Helena Cie\u015blak (juniorka m\u0142odsza). Ca\u0142a tr\u00f3jka ustanowi\u0142a swoje \u017cyciowe wyniki.<\/div>\n<div dir=\"auto\">&nbsp;<\/div>\n<div dir=\"auto\">Brawa dla ca\u0142ej ekipy i opiekuna na zawodach, trenera koordynatora Dominika Brodziaka.<\/div>\n<div dir=\"auto\">&nbsp;<\/div>\n<div dir=\"auto\"><a href=\"https:\/\/wpserwis.cfolks.pl\/r2\/wp-content\/uploads\/2025\/01\/472627871_18478463944016863_3698903956354966860_n.jpg\"><img loading=\"lazy\" decoding=\"async\" class=\"alignnone wp-image-34894 size-medium\" src=\"https:\/\/wpserwis.cfolks.pl\/r2\/wp-content\/uploads\/2025\/01\/472627871_18478463944016863_3698903956354966860_n-300x300.jpg\" alt=\"\" width=\"300\" height=\"300\"><\/a><\/div>\n<div dir=\"auto\">&nbsp;<\/div>\n<div dir=\"auto\">.<\/div>\n","protected":false},"excerpt":{"rendered":"<p>Srebrny medal Piotrka P\u0142omi\u0144skiego na Enea Mistrzostwach Polski na ergometrze wio\u015blarskim we Wroc\u0142awiu. Piotrek zaliczy\u0142 bardzo udany start w nowym sezonie. W minion\u0105 sobot\u0119 we Wroc\u0142awiu odby\u0142y si\u0119 ergowios\u0142a, czyli Mistrzostwa Polski na ergometrze wio\u015blarskim. &nbsp; Piotrek zdoby\u0142 srebrny medal w kategorii Senior\u00f3w z rewelacyjnym czasem 05:47,6 . Wyprzedzi\u0142 go Micha\u0142 Szpakowski (KS Posnania) i [&hellip;]<\/p>\n","protected":false},"author":1,"featured_media":34893,"comment_status":"closed","ping_status":"closed","sticky":false,"template":"","format":"standard","meta":{"_acf_changed":false,"footnotes":""},"categories":[1],"tags":[],"class_list":["post-34892","post","type-post","status-publish","format-standard","has-post-thumbnail","hentry","category-bez-kategorii"],"acf":[],"_links":{"self":[{"href":"https:\/\/wpserwis.cfolks.pl\/r2\/wp-json\/wp\/v2\/posts\/34892","targetHints":{"allow":["GET"]}}],"collection":[{"href":"https:\/\/wpserwis.cfolks.pl\/r2\/wp-json\/wp\/v2\/posts"}],"about":[{"href":"https:\/\/wpserwis.cfolks.pl\/r2\/wp-json\/wp\/v2\/types\/post"}],"author":[{"embeddable":true,"href":"https:\/\/wpserwis.cfolks.pl\/r2\/wp-json\/wp\/v2\/users\/1"}],"replies":[{"embeddable":true,"href":"https:\/\/wpserwis.cfolks.pl\/r2\/wp-json\/wp\/v2\/comments?post=34892"}],"version-history":[{"count":0,"href":"https:\/\/wpserwis.cfolks.pl\/r2\/wp-json\/wp\/v2\/posts\/34892\/revisions"}],"wp:featuredmedia":[{"embeddable":true,"href":"https:\/\/wpserwis.cfolks.pl\/r2\/wp-json\/"}],"wp:attachment":[{"href":"https:\/\/wpserwis.cfolks.pl\/r2\/wp-json\/wp\/v2\/media?parent=34892"}],"wp:term":[{"taxonomy":"category","embeddable":true,"href":"https:\/\/wpserwis.cfolks.pl\/r2\/wp-json\/wp\/v2\/categories?post=34892"},{"taxonomy":"post_tag","embeddable":true,"href":"https:\/\/wpserwis.cfolks.pl\/r2\/wp-json\/wp\/v2\/tags?post=34892"}],"curies":[{"name":"wp","href":"https:\/\/api.w.org\/{rel}","templated":true}]}}