{"id":34924,"date":"2025-02-21T10:53:42","date_gmt":"2025-02-21T09:53:42","guid":{"rendered":"https:\/\/wtw.waw.pl\/?p=34924"},"modified":"2025-02-21T10:53:42","modified_gmt":"2025-02-21T09:53:42","slug":"invictus-games-dwa-medale-rafala-korzeniowskiego","status":"publish","type":"post","link":"https:\/\/wpserwis.cfolks.pl\/r2\/invictus-games-dwa-medale-rafala-korzeniowskiego\/","title":{"rendered":"INVICTUS GAMES &#8211; DWA MEDALE RAFA\u0141A KORZENIOWSKIEGO !"},"content":{"rendered":"<div class=\"xdj266r x11i5rnm xat24cr x1mh8g0r x1vvkbs x126k92a\">\n<div dir=\"auto\">News medalowy z Invictus Games 2025 <span class=\"html-span xexx8yu x4uap5 x18d9i69 xkhd6sd x1hl2dhg x16tdsg8 x1vvkbs x3nfvp2 x1j61x8r x1fcty0u xdj266r xat24cr xgzva0m xhhsvwb xxymvpz xlup9mm x1kky2od\">.<\/span><\/div>\n<\/div>\n<div class=\"x11i5rnm xat24cr x1mh8g0r x1vvkbs xtlvy1s x126k92a\">\n<div dir=\"auto\">Zawodnik Rafa\u0142 Korzeniowski, trenuj\u0105cy u nas w klubie pod okiem trener\u00f3w Sylwii Li\u015bkiewicz i Miko\u0142aja Kota , zdoby\u0142 dla Polski dwa medale w wio\u015blarstwie halowym w rywalizacji na <span class=\"html-span xexx8yu x4uap5 x18d9i69 xkhd6sd x1hl2dhg x16tdsg8 x1vvkbs x3nfvp2 x1j61x8r x1fcty0u xdj266r xat24cr xgzva0m xhhsvwb xxymvpz xlup9mm x1kky2od\"><img loading=\"lazy\" decoding=\"async\" class=\"xz74otr\" src=\"https:\/\/static.xx.fbcdn.net\/images\/emoji.php\/v9\/tb4\/2\/16\/1f948.png\" alt=\"\ud83e\udd48\" width=\"16\" height=\"16\"><\/span>1\u2019 i <span class=\"html-span xexx8yu x4uap5 x18d9i69 xkhd6sd x1hl2dhg x16tdsg8 x1vvkbs x3nfvp2 x1j61x8r x1fcty0u xdj266r xat24cr xgzva0m xhhsvwb xxymvpz xlup9mm x1kky2od\"><img loading=\"lazy\" decoding=\"async\" class=\"xz74otr\" src=\"https:\/\/static.xx.fbcdn.net\/images\/emoji.php\/v9\/t35\/2\/16\/1f949.png\" alt=\"\ud83e\udd49\" width=\"16\" height=\"16\"><\/span>4\u2019<\/div>\n<\/div>\n<div class=\"x11i5rnm xat24cr x1mh8g0r x1vvkbs xtlvy1s x126k92a\">\n<div dir=\"auto\">&nbsp;<\/div>\n<div dir=\"auto\">Mi\u0119dzynarodowe zawody dla weteran\u00f3w wojennych oraz \u017co\u0142nierzy, kt\u00f3rzy doznali uraz\u00f3w fizycznych lub psychicznych w trakcie s\u0142u\u017cby: Invictus Games odby\u0142y si\u0119 8-16.02 w Vancouver oraz Whistler.<\/div>\n<\/div>\n<div class=\"x11i5rnm xat24cr x1mh8g0r x1vvkbs xtlvy1s x126k92a\">\n<div dir=\"auto\">&nbsp;<\/div>\n<div dir=\"auto\">Serdecznie gratulujemy osi\u0105gni\u0119\u0107 Rafa\u0142owi  i zapraszamy na dalsze na treningi. Super robota !<\/div>\n<\/div>\n<div dir=\"auto\">&nbsp;<\/div>\n<div dir=\"auto\">fot.<span class=\"x193iq5w xeuugli x13faqbe x1vvkbs xlh3980 xvmahel x1n0sxbx x1lliihq x1s928wv xhkezso x1gmr53x x1cpjm7i x1fgarty x1943h6x xudqn12 x3x7a5m x6prxxf xvq8zen xo1l8bm xzsf02u x1yc453h\" dir=\"auto\"><span class=\"html-span xdj266r x11i5rnm xat24cr x1mh8g0r xexx8yu x4uap5 x18d9i69 xkhd6sd x1hl2dhg x16tdsg8 x1vvkbs\"><a class=\"x1i10hfl xjbqb8w x1ejq31n xd10rxx x1sy0etr x17r0tee x972fbf xcfux6l x1qhh985 xm0m39n x9f619 x1ypdohk xt0psk2 xe8uvvx xdj266r x11i5rnm xat24cr x1mh8g0r xexx8yu x4uap5 x18d9i69 xkhd6sd x16tdsg8 x1hl2dhg xggy1nq x1a2a7pz x1sur9pj xkrqix3 x1fey0fg x1s688f\" tabindex=\"0\" role=\"link\" href=\"https:\/\/l.facebook.com\/l.php?u=https%3A%2F%2Fwww.instagram.com%2F_u%2Fcombatcamerapoland%3Ffbclid%3DIwZXh0bgNhZW0CMTAAAR1OPUdIpwTvrDfsPI1AxFPFiWR_xY48KQ-mrjIqHD6w5y2C2hJUqv7t9Oc_aem_PJ-bNpg0OWXxC107avYa8w&amp;h=AT2JjVaUz7EgTPmhJjE1V_cukLkFnbUobhsS34M7vB4Lwz3ka0qC5dWKSTq3JQzRlIHLUR20w2PQUFrY5cOSJ8rT0pIo1VLGMTiI7MyCh2jDemwJerUQi4DXb0aZn8n40RphWsw&amp;__tn__=-UK-R&amp;c[0]=AT0sf9R1POkNHimjs76OR5S2lASBnTBG2gzHvCApwfaM5o9EK8_78SvZuhHGsAOcm_7Rd2F8UHTbWOCq-9yqn8xO8t56WC5fOUJQ3AVgwl83eGsBpQNTtMdx9EZ18x2q0ec2mQjqA-UYDGl0hnhfavN7m8KmbqbR9yqs12Rzbdgq5wh7D1-lEYKflzml9iSVqSNaRKviGEoqefBUmvElgxQSGg4\" target=\"_blank\" rel=\"nofollow noopener noreferrer\">@combatcamerapoland<\/a><\/span> <\/span><\/div>\n<div dir=\"auto\">&nbsp;<\/div>\n<div dir=\"auto\">&nbsp;<\/div>\n<div dir=\"auto\"><a href=\"https:\/\/wpserwis.cfolks.pl\/r2\/wp-content\/uploads\/2025\/02\/472710306_18482667742016863_8531677524388436032_n.jpg\"><img loading=\"lazy\" decoding=\"async\" class=\"alignnone wp-image-34925 size-medium\" src=\"https:\/\/wpserwis.cfolks.pl\/r2\/wp-content\/uploads\/2025\/02\/472710306_18482667742016863_8531677524388436032_n-300x180.jpg\" alt=\"\" width=\"300\" height=\"180\"><\/a> <a href=\"https:\/\/wpserwis.cfolks.pl\/r2\/wp-content\/uploads\/2025\/02\/472635559_18482667724016863_2536548090683071345_n.jpg\"><img loading=\"lazy\" decoding=\"async\" class=\"alignnone wp-image-34926 size-medium\" src=\"https:\/\/wpserwis.cfolks.pl\/r2\/wp-content\/uploads\/2025\/02\/472635559_18482667724016863_2536548090683071345_n-300x180.jpg\" alt=\"\" width=\"300\" height=\"180\"><\/a> <a href=\"https:\/\/wpserwis.cfolks.pl\/r2\/wp-content\/uploads\/2025\/02\/479996254_18482667754016863_7494148290569611588_n.jpg\"><img loading=\"lazy\" decoding=\"async\" class=\"alignnone wp-image-34927 size-medium\" src=\"https:\/\/wpserwis.cfolks.pl\/r2\/wp-content\/uploads\/2025\/02\/479996254_18482667754016863_7494148290569611588_n-300x180.jpg\" alt=\"\" width=\"300\" height=\"180\"><\/a> <a href=\"https:\/\/wpserwis.cfolks.pl\/r2\/wp-content\/uploads\/2025\/02\/472615300_18482667745016863_7053306903889062384_n.jpg\"><img loading=\"lazy\" decoding=\"async\" class=\"alignnone wp-image-34928 size-medium\" src=\"https:\/\/wpserwis.cfolks.pl\/r2\/wp-content\/uploads\/2025\/02\/472615300_18482667745016863_7053306903889062384_n-300x180.jpg\" alt=\"\" width=\"300\" height=\"180\"><\/a> <a href=\"https:\/\/wpserwis.cfolks.pl\/r2\/wp-content\/uploads\/2025\/02\/480444683_18482667775016863_8507080757810406498_n.jpg\"><img loading=\"lazy\" decoding=\"async\" class=\"alignnone wp-image-34929 size-medium\" src=\"https:\/\/wpserwis.cfolks.pl\/r2\/wp-content\/uploads\/2025\/02\/480444683_18482667775016863_8507080757810406498_n-300x300.jpg\" alt=\"\" width=\"300\" height=\"300\"><\/a><\/div>\n<div dir=\"auto\">&nbsp;<\/div>\n<div dir=\"auto\">&nbsp;<\/div>\n","protected":false},"excerpt":{"rendered":"<p>News medalowy z Invictus Games 2025 . Zawodnik Rafa\u0142 Korzeniowski, trenuj\u0105cy u nas w klubie pod okiem trener\u00f3w Sylwii Li\u015bkiewicz i Miko\u0142aja Kota , zdoby\u0142 dla Polski dwa medale w wio\u015blarstwie halowym w rywalizacji na 1\u2019 i 4\u2019 &nbsp; Mi\u0119dzynarodowe zawody dla weteran\u00f3w wojennych oraz \u017co\u0142nierzy, kt\u00f3rzy doznali uraz\u00f3w fizycznych lub psychicznych w trakcie s\u0142u\u017cby: [&hellip;]<\/p>\n","protected":false},"author":1,"featured_media":34930,"comment_status":"closed","ping_status":"closed","sticky":false,"template":"","format":"standard","meta":{"_acf_changed":false,"footnotes":""},"categories":[1],"tags":[],"class_list":["post-34924","post","type-post","status-publish","format-standard","has-post-thumbnail","hentry","category-bez-kategorii"],"acf":[],"_links":{"self":[{"href":"https:\/\/wpserwis.cfolks.pl\/r2\/wp-json\/wp\/v2\/posts\/34924","targetHints":{"allow":["GET"]}}],"collection":[{"href":"https:\/\/wpserwis.cfolks.pl\/r2\/wp-json\/wp\/v2\/posts"}],"about":[{"href":"https:\/\/wpserwis.cfolks.pl\/r2\/wp-json\/wp\/v2\/types\/post"}],"author":[{"embeddable":true,"href":"https:\/\/wpserwis.cfolks.pl\/r2\/wp-json\/wp\/v2\/users\/1"}],"replies":[{"embeddable":true,"href":"https:\/\/wpserwis.cfolks.pl\/r2\/wp-json\/wp\/v2\/comments?post=34924"}],"version-history":[{"count":0,"href":"https:\/\/wpserwis.cfolks.pl\/r2\/wp-json\/wp\/v2\/posts\/34924\/revisions"}],"wp:featuredmedia":[{"embeddable":true,"href":"https:\/\/wpserwis.cfolks.pl\/r2\/wp-json\/"}],"wp:attachment":[{"href":"https:\/\/wpserwis.cfolks.pl\/r2\/wp-json\/wp\/v2\/media?parent=34924"}],"wp:term":[{"taxonomy":"category","embeddable":true,"href":"https:\/\/wpserwis.cfolks.pl\/r2\/wp-json\/wp\/v2\/categories?post=34924"},{"taxonomy":"post_tag","embeddable":true,"href":"https:\/\/wpserwis.cfolks.pl\/r2\/wp-json\/wp\/v2\/tags?post=34924"}],"curies":[{"name":"wp","href":"https:\/\/api.w.org\/{rel}","templated":true}]}}