{"id":35054,"date":"2025-03-17T11:46:42","date_gmt":"2025-03-17T10:46:42","guid":{"rendered":"https:\/\/wtw.waw.pl\/?p=35054"},"modified":"2025-03-17T11:46:42","modified_gmt":"2025-03-17T10:46:42","slug":"z-niezapowiedziana-wizyta-na-zgrupowaniu-kadry-w-lago-azul","status":"publish","type":"post","link":"https:\/\/wpserwis.cfolks.pl\/r2\/z-niezapowiedziana-wizyta-na-zgrupowaniu-kadry-w-lago-azul\/","title":{"rendered":"Z NIEZAPOWIEDZIAN\u0104 WIZYT\u0104 NA ZGRUPOWANIU KADRY W LAGO AZUL"},"content":{"rendered":"<div class=\"xdj266r x11i5rnm xat24cr x1mh8g0r x1vvkbs x126k92a\">\n<div dir=\"auto\">To by\u0142a w zasadzie niezapowiedziana i dosy\u0107 spontaniczna wizyta. W dniu wczorajszym odwiedzili\u015bmy zgrupowanie wio\u015blarskiej kadry narodowej senior\u00f3w, w Lago Azul (Portugalia).<\/div>\n<div dir=\"auto\">W\u015br\u00f3d kadrowicz\u00f3w, przygotowuj\u0105cych si\u0119 do sezonu, jest dw\u00f3jka naszych &#8222;wutewiak\u00f3w&#8221;: Konrad Doma\u0144ski i Piotr P\u0142omi\u0144ski.<\/div>\n<div dir=\"auto\">&nbsp;<\/div>\n<div dir=\"auto\">Ch\u0142opaki s\u0105 zdrowi, zadowoleni z przygotowa\u0144, kt\u00f3re przebiegaj\u0105 planowo.<\/div>\n<\/div>\n<div class=\"x11i5rnm xat24cr x1mh8g0r x1vvkbs xtlvy1s x126k92a\">\n<div dir=\"auto\">&nbsp;<\/div>\n<div dir=\"auto\">Naszych zawodnik\u00f3w odwiedzili Micha\u0142 Starczewski &#8211; Cz\u0142onek Zarz\u0105du WTW i Maciej \u015aliwi\u0144ski &#8211; Dyrektor WTW.<\/div>\n<div dir=\"auto\">&nbsp;<\/div>\n<div dir=\"auto\">Zgrupowanie potrwa jeszcze dwa tygodnie i jest to ostatni ob\u00f3z przygotowawczy przed startami w tym roku.<\/div>\n<\/div>\n<div dir=\"auto\">&nbsp;<\/div>\n<div dir=\"auto\">&nbsp;<\/div>\n<div dir=\"auto\"><a href=\"https:\/\/wpserwis.cfolks.pl\/r2\/wp-content\/uploads\/2025\/03\/IMG_3370-scaled.jpg\"><img loading=\"lazy\" decoding=\"async\" class=\"alignnone wp-image-35055 size-medium\" src=\"https:\/\/wpserwis.cfolks.pl\/r2\/wp-content\/uploads\/2025\/03\/IMG_3370-225x300.jpg\" alt=\"\" width=\"225\" height=\"300\"><\/a> <a href=\"https:\/\/wpserwis.cfolks.pl\/r2\/wp-content\/uploads\/2025\/03\/IMG_3397-scaled.jpg\"><img loading=\"lazy\" decoding=\"async\" class=\"alignnone wp-image-35057 size-medium\" src=\"https:\/\/wpserwis.cfolks.pl\/r2\/wp-content\/uploads\/2025\/03\/IMG_3397-225x300.jpg\" alt=\"\" width=\"225\" height=\"300\"><\/a><a href=\"https:\/\/wpserwis.cfolks.pl\/r2\/wp-content\/uploads\/2025\/03\/IMG_3377-scaled.jpg\"><img loading=\"lazy\" decoding=\"async\" class=\"alignnone wp-image-35056 size-medium\" src=\"https:\/\/wpserwis.cfolks.pl\/r2\/wp-content\/uploads\/2025\/03\/IMG_3377-300x225.jpg\" alt=\"\" width=\"300\" height=\"225\"><\/a><\/div>\n<div dir=\"auto\">&nbsp;<\/div>\n<div dir=\"auto\">&nbsp;<\/div>\n<div dir=\"auto\">&nbsp;<\/div>\n<div dir=\"auto\">.<\/div>\n<div dir=\"auto\">&nbsp;<\/div>\n<div dir=\"auto\">&nbsp;<\/div>\n<div dir=\"auto\">&nbsp;<\/div>\n","protected":false},"excerpt":{"rendered":"<p>To by\u0142a w zasadzie niezapowiedziana i dosy\u0107 spontaniczna wizyta. W dniu wczorajszym odwiedzili\u015bmy zgrupowanie wio\u015blarskiej kadry narodowej senior\u00f3w, w Lago Azul (Portugalia). W\u015br\u00f3d kadrowicz\u00f3w, przygotowuj\u0105cych si\u0119 do sezonu, jest dw\u00f3jka naszych &#8222;wutewiak\u00f3w&#8221;: Konrad Doma\u0144ski i Piotr P\u0142omi\u0144ski. &nbsp; Ch\u0142opaki s\u0105 zdrowi, zadowoleni z przygotowa\u0144, kt\u00f3re przebiegaj\u0105 planowo. &nbsp; Naszych zawodnik\u00f3w odwiedzili Micha\u0142 Starczewski &#8211; Cz\u0142onek [&hellip;]<\/p>\n","protected":false},"author":1,"featured_media":35058,"comment_status":"closed","ping_status":"closed","sticky":false,"template":"","format":"standard","meta":{"_acf_changed":false,"footnotes":""},"categories":[1],"tags":[],"class_list":["post-35054","post","type-post","status-publish","format-standard","has-post-thumbnail","hentry","category-bez-kategorii"],"acf":[],"_links":{"self":[{"href":"https:\/\/wpserwis.cfolks.pl\/r2\/wp-json\/wp\/v2\/posts\/35054","targetHints":{"allow":["GET"]}}],"collection":[{"href":"https:\/\/wpserwis.cfolks.pl\/r2\/wp-json\/wp\/v2\/posts"}],"about":[{"href":"https:\/\/wpserwis.cfolks.pl\/r2\/wp-json\/wp\/v2\/types\/post"}],"author":[{"embeddable":true,"href":"https:\/\/wpserwis.cfolks.pl\/r2\/wp-json\/wp\/v2\/users\/1"}],"replies":[{"embeddable":true,"href":"https:\/\/wpserwis.cfolks.pl\/r2\/wp-json\/wp\/v2\/comments?post=35054"}],"version-history":[{"count":0,"href":"https:\/\/wpserwis.cfolks.pl\/r2\/wp-json\/wp\/v2\/posts\/35054\/revisions"}],"wp:featuredmedia":[{"embeddable":true,"href":"https:\/\/wpserwis.cfolks.pl\/r2\/wp-json\/"}],"wp:attachment":[{"href":"https:\/\/wpserwis.cfolks.pl\/r2\/wp-json\/wp\/v2\/media?parent=35054"}],"wp:term":[{"taxonomy":"category","embeddable":true,"href":"https:\/\/wpserwis.cfolks.pl\/r2\/wp-json\/wp\/v2\/categories?post=35054"},{"taxonomy":"post_tag","embeddable":true,"href":"https:\/\/wpserwis.cfolks.pl\/r2\/wp-json\/wp\/v2\/tags?post=35054"}],"curies":[{"name":"wp","href":"https:\/\/api.w.org\/{rel}","templated":true}]}}