{"id":35116,"date":"2025-03-28T09:28:13","date_gmt":"2025-03-28T08:28:13","guid":{"rendered":"https:\/\/wtw.waw.pl\/?p=35116"},"modified":"2025-03-28T09:28:13","modified_gmt":"2025-03-28T08:28:13","slug":"mistrzostwa-warszawy-udany-debiut-grupy-niepelnosprawnej","status":"publish","type":"post","link":"https:\/\/wpserwis.cfolks.pl\/r2\/mistrzostwa-warszawy-udany-debiut-grupy-niepelnosprawnej\/","title":{"rendered":"MISTRZOSTWA WARSZAWY &#8211; UDANY DEBIUT ZAWODNIK\u00d3W NIEPE\u0141NOSPRAWNYCH"},"content":{"rendered":"<div class=\"xdj266r x11i5rnm xat24cr x1mh8g0r x1vvkbs x126k92a\">\n<div dir=\"auto\">Nasi zawodnicy z grupy Niepe\u0142nosprawnych z Programu \u201cB\u0105d\u017a Aktywny\u201d zadebiutowali w IV Mistrzostwach Warszawy Amator\u00f3w i Masters na ergometrze wio\u015blarskim .<\/div>\n<div dir=\"auto\">Grupa WTW by\u0142a jedyn\u0105 grup\u0105 startuj\u0105c\u0105 w tej kategorii.<\/div>\n<div dir=\"auto\">&nbsp;<\/div>\n<\/div>\n<div class=\"x11i5rnm xat24cr x1mh8g0r x1vvkbs xtlvy1s x126k92a\">\n<div dir=\"auto\">Dziewczynki startowa\u0142y w oddzielnej konkurencji kobiet .<\/div>\n<div dir=\"auto\">&nbsp;<\/div>\n<div dir=\"auto\">Para -ROWING Kobiety :<\/div>\n<\/div>\n<div class=\"x11i5rnm xat24cr x1mh8g0r x1vvkbs xtlvy1s x126k92a\">\n<div dir=\"auto\">1 miejsce<\/div>\n<div dir=\"auto\">Urszula Zaleska czas 4:26,9&nbsp;<\/div>\n<\/div>\n<div class=\"x11i5rnm xat24cr x1mh8g0r x1vvkbs xtlvy1s x126k92a\">\n<div dir=\"auto\">&nbsp;<\/div>\n<div dir=\"auto\">2 miejsce<\/div>\n<div dir=\"auto\">Julia Bala czas 4:37,9&nbsp;<\/div>\n<\/div>\n<div class=\"x11i5rnm xat24cr x1mh8g0r x1vvkbs xtlvy1s x126k92a\">\n<div dir=\"auto\">&nbsp;<\/div>\n<div dir=\"auto\">Oddzielnie startowali panowie<\/div>\n<div dir=\"auto\">Para-ROWING M\u0119\u017cczy\u017ani :<\/div>\n<\/div>\n<div class=\"x11i5rnm xat24cr x1mh8g0r x1vvkbs xtlvy1s x126k92a\">\n<div dir=\"auto\">1 miejsce<\/div>\n<div dir=\"auto\">Rafa\u0142 Korzeniewski czas 3:09,9&nbsp;<\/div>\n<div dir=\"auto\">&nbsp;<\/div>\n<div dir=\"auto\">2 miejsce<\/div>\n<\/div>\n<div class=\"x11i5rnm xat24cr x1mh8g0r x1vvkbs xtlvy1s x126k92a\">\n<div dir=\"auto\">Micha\u0142 Wa\u0142ecki 3:29,0&nbsp;<\/div>\n<\/div>\n<div class=\"x11i5rnm xat24cr x1mh8g0r x1vvkbs xtlvy1s x126k92a\">\n<div dir=\"auto\">&nbsp;<\/div>\n<div dir=\"auto\">3 miejsce<\/div>\n<div dir=\"auto\">Konrad Ziembicki 3:57,3&nbsp;<\/div>\n<\/div>\n<div class=\"x11i5rnm xat24cr x1mh8g0r x1vvkbs xtlvy1s x126k92a\">\n<div dir=\"auto\">&nbsp;<\/div>\n<div dir=\"auto\">4 miejsce<\/div>\n<div dir=\"auto\">Przemys\u0142aw Pazikowski 4:39,9<\/div>\n<\/div>\n<div class=\"x11i5rnm xat24cr x1mh8g0r x1vvkbs xtlvy1s x126k92a\">\n<div dir=\"auto\">&nbsp;<\/div>\n<div dir=\"auto\">Ogromne gratulacje dla wszystkich zawodnik\u00f3w za wol\u0119 walki, determinacj\u0119 i ch\u0119\u0107 zmierzenia si\u0119 w zawodach rangi Mistrzostw Warszawy na ergometrze wio\u015blarskim . Wielkie brawa dla trener\u00f3w tej grupy Sylwii Li\u015bkiewicz i Miko\u0142aja Kota .<\/div>\n<\/div>\n<div class=\"x11i5rnm xat24cr x1mh8g0r x1vvkbs xtlvy1s x126k92a\">\n<div dir=\"auto\">Kilka s\u0142\u00f3w od trenerki Sylwii:<\/div>\n<div dir=\"auto\">\u201c<em>Zawodnicy trenuj\u0105 u nas w klubie 9h tygodniowo :3x w tyg po 3h , s\u0105 niesamowicie zdyscyplinowani i bardzo<\/em><\/div>\n<div dir=\"auto\"><em>ambitni. Ju\u017c intensywnie trenuj\u0105 na basenie wio\u015blarskim z ambicjami zej\u015bcia na \u0142\u00f3dk\u0119 wio\u015blarsk\u0105 i wystartowaniem na torze regatowym<\/em>.\u201d<\/div>\n<\/div>\n<div class=\"x11i5rnm xat24cr x1mh8g0r x1vvkbs xtlvy1s x126k92a\">\n<div dir=\"auto\">&nbsp;<\/div>\n<div dir=\"auto\">Dobra ROBOTA Ekipa ! Czekamy zatem na pierwsze zej\u015bcia na \u0142\u00f3dki wio\u015blarskie.<\/div>\n<div dir=\"auto\">&nbsp;<\/div>\n<\/div>\n<div class=\"x11i5rnm xat24cr x1mh8g0r x1vvkbs xtlvy1s x126k92a\">\n<div dir=\"auto\">Ps. Program \u201cB\u0105d\u017a Aktywny\u201d dzia\u0142a od 2023 roku i jest finansowany ze \u015brodk\u00f3w <span class=\"html-span xdj266r x11i5rnm xat24cr x1mh8g0r xexx8yu x4uap5 x18d9i69 xkhd6sd x1hl2dhg x16tdsg8 x1vvkbs\"><a class=\"x1i10hfl xjbqb8w x1ejq31n xd10rxx x1sy0etr x17r0tee x972fbf xcfux6l x1qhh985 xm0m39n x9f619 x1ypdohk xt0psk2 xe8uvvx xdj266r x11i5rnm xat24cr x1mh8g0r xexx8yu x4uap5 x18d9i69 xkhd6sd x16tdsg8 x1hl2dhg xggy1nq x1a2a7pz xkrqix3 x1sur9pj x1fey0fg x1s688f\" tabindex=\"0\" role=\"link\" href=\"https:\/\/www.instagram.com\/_u\/polskikomitetparaolimpijski?fbclid=IwZXh0bgNhZW0CMTAAAR2iAJZQ-BADBQh69zz3oJMl2Z6LAwlNV0V_8C9VvDfGanxPhLsDO_kV8TI_aem_hkJ2EqdoPK8ZAlEmiYz8Sg\" target=\"_blank\" rel=\"nofollow noopener noreferrer\">@polskikomitetparaolimpijski<\/a><\/span> .<\/div>\n<\/div>\n<div dir=\"auto\">&nbsp;<\/div>\n<div dir=\"auto\">&nbsp;<\/div>\n<div dir=\"auto\"><a href=\"https:\/\/wpserwis.cfolks.pl\/r2\/wp-content\/uploads\/2025\/03\/486262339_18490153603016863_8963990700074755129_n.jpg\"><img loading=\"lazy\" decoding=\"async\" class=\"alignnone wp-image-35117 size-medium\" src=\"https:\/\/wpserwis.cfolks.pl\/r2\/wp-content\/uploads\/2025\/03\/486262339_18490153603016863_8963990700074755129_n-300x226.jpg\" alt=\"\" width=\"300\" height=\"226\"><\/a> <a href=\"https:\/\/wpserwis.cfolks.pl\/r2\/wp-content\/uploads\/2025\/03\/486337889_18490153609016863_3252819802466131747_n.jpg\"><img loading=\"lazy\" decoding=\"async\" class=\"alignnone wp-image-35118 size-medium\" src=\"https:\/\/wpserwis.cfolks.pl\/r2\/wp-content\/uploads\/2025\/03\/486337889_18490153609016863_3252819802466131747_n-300x226.jpg\" alt=\"\" width=\"300\" height=\"226\"><\/a> <a href=\"https:\/\/wpserwis.cfolks.pl\/r2\/wp-content\/uploads\/2025\/03\/486427951_18490153618016863_230935619259039497_n.jpg\"><img loading=\"lazy\" decoding=\"async\" class=\"alignnone wp-image-35119 size-medium\" src=\"https:\/\/wpserwis.cfolks.pl\/r2\/wp-content\/uploads\/2025\/03\/486427951_18490153618016863_230935619259039497_n-300x226.jpg\" alt=\"\" width=\"300\" height=\"226\"><\/a> <a href=\"https:\/\/wpserwis.cfolks.pl\/r2\/wp-content\/uploads\/2025\/03\/486969811_18490153582016863_459077238540717952_n.jpg\"><img loading=\"lazy\" decoding=\"async\" class=\"alignnone wp-image-35120 size-medium\" src=\"https:\/\/wpserwis.cfolks.pl\/r2\/wp-content\/uploads\/2025\/03\/486969811_18490153582016863_459077238540717952_n-300x225.jpg\" alt=\"\" width=\"300\" height=\"225\"><\/a> <a href=\"https:\/\/wpserwis.cfolks.pl\/r2\/wp-content\/uploads\/2025\/03\/487003337_18490153606016863_2250766289963539968_n.jpg\"><img loading=\"lazy\" decoding=\"async\" class=\"alignnone wp-image-35121 size-medium\" src=\"https:\/\/wpserwis.cfolks.pl\/r2\/wp-content\/uploads\/2025\/03\/487003337_18490153606016863_2250766289963539968_n-300x226.jpg\" alt=\"\" width=\"300\" height=\"226\"><\/a><\/div>\n<div dir=\"auto\">&nbsp;<\/div>\n<div dir=\"auto\">&nbsp;<\/div>\n<div dir=\"auto\">&nbsp;<\/div>\n<div dir=\"auto\">.<\/div>\n","protected":false},"excerpt":{"rendered":"<p>Nasi zawodnicy z grupy Niepe\u0142nosprawnych z Programu \u201cB\u0105d\u017a Aktywny\u201d zadebiutowali w IV Mistrzostwach Warszawy Amator\u00f3w i Masters na ergometrze wio\u015blarskim . Grupa WTW by\u0142a jedyn\u0105 grup\u0105 startuj\u0105c\u0105 w tej kategorii. &nbsp; Dziewczynki startowa\u0142y w oddzielnej konkurencji kobiet . &nbsp; Para -ROWING Kobiety : 1 miejsce Urszula Zaleska czas 4:26,9&nbsp; &nbsp; 2 miejsce Julia Bala czas [&hellip;]<\/p>\n","protected":false},"author":1,"featured_media":35120,"comment_status":"closed","ping_status":"closed","sticky":false,"template":"","format":"standard","meta":{"_acf_changed":false,"footnotes":""},"categories":[1],"tags":[],"class_list":["post-35116","post","type-post","status-publish","format-standard","has-post-thumbnail","hentry","category-bez-kategorii"],"acf":[],"_links":{"self":[{"href":"https:\/\/wpserwis.cfolks.pl\/r2\/wp-json\/wp\/v2\/posts\/35116","targetHints":{"allow":["GET"]}}],"collection":[{"href":"https:\/\/wpserwis.cfolks.pl\/r2\/wp-json\/wp\/v2\/posts"}],"about":[{"href":"https:\/\/wpserwis.cfolks.pl\/r2\/wp-json\/wp\/v2\/types\/post"}],"author":[{"embeddable":true,"href":"https:\/\/wpserwis.cfolks.pl\/r2\/wp-json\/wp\/v2\/users\/1"}],"replies":[{"embeddable":true,"href":"https:\/\/wpserwis.cfolks.pl\/r2\/wp-json\/wp\/v2\/comments?post=35116"}],"version-history":[{"count":0,"href":"https:\/\/wpserwis.cfolks.pl\/r2\/wp-json\/wp\/v2\/posts\/35116\/revisions"}],"wp:featuredmedia":[{"embeddable":true,"href":"https:\/\/wpserwis.cfolks.pl\/r2\/wp-json\/"}],"wp:attachment":[{"href":"https:\/\/wpserwis.cfolks.pl\/r2\/wp-json\/wp\/v2\/media?parent=35116"}],"wp:term":[{"taxonomy":"category","embeddable":true,"href":"https:\/\/wpserwis.cfolks.pl\/r2\/wp-json\/wp\/v2\/categories?post=35116"},{"taxonomy":"post_tag","embeddable":true,"href":"https:\/\/wpserwis.cfolks.pl\/r2\/wp-json\/wp\/v2\/tags?post=35116"}],"curies":[{"name":"wp","href":"https:\/\/api.w.org\/{rel}","templated":true}]}}