{"id":35130,"date":"2025-04-04T13:49:17","date_gmt":"2025-04-04T11:49:17","guid":{"rendered":"https:\/\/wtw.waw.pl\/?p=35130"},"modified":"2025-04-04T13:49:17","modified_gmt":"2025-04-04T11:49:17","slug":"wizyta-w-xviii-lo-im-j-zamoyski-poczatkiem-nowego-projektu","status":"publish","type":"post","link":"https:\/\/wpserwis.cfolks.pl\/r2\/wizyta-w-xviii-lo-im-j-zamoyski-poczatkiem-nowego-projektu\/","title":{"rendered":"WIZYTA W XVIII LO im. J.ZAMOYSKI &#8211; POCZ\u0104TKIEM NOWEGO PROJEKTU"},"content":{"rendered":"<div class=\"xdj266r x11i5rnm xat24cr x1mh8g0r x1vvkbs x126k92a\">\n<div dir=\"auto\">W dniu wczorajszym mieli\u015bmy okazj\u0119 go\u015bci\u0107 w XVIII Liceum Og\u00f3lnokszta\u0142c\u0105cym im. J. Zamoyskiego.<\/div>\n<\/div>\n<div dir=\"auto\">Na zaproszenie szko\u0142y, na spotkaniu pojawi\u0142 si\u0119 dyrektor WTW Pan Maciej \u015aliwi\u0144ski i trener sekcji regatowej wio\u015blarskiej Pan \u0141ukasz Krajewski.<\/div>\n<div dir=\"auto\">&nbsp;<\/div>\n<div class=\"xdj266r x11i5rnm xat24cr x1mh8g0r x1vvkbs x126k92a\">\n<div dir=\"auto\">To by\u0142o bardzo interesuj\u0105ce spotkanie z uczniami klas pierwszych, kt\u00f3rzy ju\u017c nied\u0142ugo zaczn\u0105 regularnie odwiedza\u0107 nasze obiekty w ramach Bezp\u0142atnych Lekcji WF, kt\u00f3re b\u0119d\u0105 poniek\u0105d etapem selekcji do wy\u0142onienia osad reprezntuj\u0105cych LO Zamoyski.<\/div>\n<div dir=\"auto\">&nbsp;<\/div>\n<div dir=\"auto\">Cieszymy si\u0119, bo rysuje si\u0119 ciekawa wsp\u00f3\u0142praca w najbli\u017cszym czasie. Ju\u017c nie mo\u017cemy si\u0119 doczeka\u0107 !<\/div>\n<\/div>\n<div dir=\"auto\">&nbsp;<\/div>\n<div dir=\"auto\"><a href=\"https:\/\/wpserwis.cfolks.pl\/r2\/wp-content\/uploads\/2025\/04\/488502119_1302594404905449_1791677006481595206_n.jpg\"><img loading=\"lazy\" decoding=\"async\" class=\"alignnone wp-image-35131 size-medium\" src=\"https:\/\/wpserwis.cfolks.pl\/r2\/wp-content\/uploads\/2025\/04\/488502119_1302594404905449_1791677006481595206_n-169x300.jpg\" alt=\"\" width=\"169\" height=\"300\"><\/a><a href=\"https:\/\/wpserwis.cfolks.pl\/r2\/wp-content\/uploads\/2025\/04\/488657362_1302594358238787_4000412808575274527_n.jpg\"><img loading=\"lazy\" decoding=\"async\" class=\"alignnone wp-image-35134 size-medium\" src=\"https:\/\/wpserwis.cfolks.pl\/r2\/wp-content\/uploads\/2025\/04\/488657362_1302594358238787_4000412808575274527_n-232x300.jpg\" alt=\"\" width=\"232\" height=\"300\"><\/a><a href=\"https:\/\/wpserwis.cfolks.pl\/r2\/wp-content\/uploads\/2025\/04\/488712959_1302594568238766_355917932312561056_n.jpg\"><img loading=\"lazy\" decoding=\"async\" class=\"alignnone wp-image-35135 size-medium\" src=\"https:\/\/wpserwis.cfolks.pl\/r2\/wp-content\/uploads\/2025\/04\/488712959_1302594568238766_355917932312561056_n-200x300.jpg\" alt=\"\" width=\"200\" height=\"300\"><\/a><a href=\"https:\/\/wpserwis.cfolks.pl\/r2\/wp-content\/uploads\/2025\/04\/488643084_1302594401572116_5866546254360929205_n.jpg\"><img loading=\"lazy\" decoding=\"async\" class=\"alignnone wp-image-35132 size-medium\" src=\"https:\/\/wpserwis.cfolks.pl\/r2\/wp-content\/uploads\/2025\/04\/488643084_1302594401572116_5866546254360929205_n-300x169.jpg\" alt=\"\" width=\"300\" height=\"169\"><\/a> <a href=\"https:\/\/wpserwis.cfolks.pl\/r2\/wp-content\/uploads\/2025\/04\/488648345_1302594371572119_3674179471422444519_n.jpg\"><img loading=\"lazy\" decoding=\"async\" class=\"alignnone wp-image-35133 size-medium\" src=\"https:\/\/wpserwis.cfolks.pl\/r2\/wp-content\/uploads\/2025\/04\/488648345_1302594371572119_3674179471422444519_n-300x183.jpg\" alt=\"\" width=\"300\" height=\"183\"><\/a><\/div>\n<div dir=\"auto\">&nbsp;<\/div>\n<div dir=\"auto\">&nbsp;<\/div>\n<div dir=\"auto\">.<\/div>\n<div dir=\"auto\">&nbsp;<\/div>\n","protected":false},"excerpt":{"rendered":"<p>W dniu wczorajszym mieli\u015bmy okazj\u0119 go\u015bci\u0107 w XVIII Liceum Og\u00f3lnokszta\u0142c\u0105cym im. J. Zamoyskiego. Na zaproszenie szko\u0142y, na spotkaniu pojawi\u0142 si\u0119 dyrektor WTW Pan Maciej \u015aliwi\u0144ski i trener sekcji regatowej wio\u015blarskiej Pan \u0141ukasz Krajewski. &nbsp; To by\u0142o bardzo interesuj\u0105ce spotkanie z uczniami klas pierwszych, kt\u00f3rzy ju\u017c nied\u0142ugo zaczn\u0105 regularnie odwiedza\u0107 nasze obiekty w ramach Bezp\u0142atnych Lekcji [&hellip;]<\/p>\n","protected":false},"author":1,"featured_media":35136,"comment_status":"closed","ping_status":"closed","sticky":false,"template":"","format":"standard","meta":{"_acf_changed":false,"footnotes":""},"categories":[1],"tags":[],"class_list":["post-35130","post","type-post","status-publish","format-standard","has-post-thumbnail","hentry","category-bez-kategorii"],"acf":[],"_links":{"self":[{"href":"https:\/\/wpserwis.cfolks.pl\/r2\/wp-json\/wp\/v2\/posts\/35130","targetHints":{"allow":["GET"]}}],"collection":[{"href":"https:\/\/wpserwis.cfolks.pl\/r2\/wp-json\/wp\/v2\/posts"}],"about":[{"href":"https:\/\/wpserwis.cfolks.pl\/r2\/wp-json\/wp\/v2\/types\/post"}],"author":[{"embeddable":true,"href":"https:\/\/wpserwis.cfolks.pl\/r2\/wp-json\/wp\/v2\/users\/1"}],"replies":[{"embeddable":true,"href":"https:\/\/wpserwis.cfolks.pl\/r2\/wp-json\/wp\/v2\/comments?post=35130"}],"version-history":[{"count":0,"href":"https:\/\/wpserwis.cfolks.pl\/r2\/wp-json\/wp\/v2\/posts\/35130\/revisions"}],"wp:featuredmedia":[{"embeddable":true,"href":"https:\/\/wpserwis.cfolks.pl\/r2\/wp-json\/"}],"wp:attachment":[{"href":"https:\/\/wpserwis.cfolks.pl\/r2\/wp-json\/wp\/v2\/media?parent=35130"}],"wp:term":[{"taxonomy":"category","embeddable":true,"href":"https:\/\/wpserwis.cfolks.pl\/r2\/wp-json\/wp\/v2\/categories?post=35130"},{"taxonomy":"post_tag","embeddable":true,"href":"https:\/\/wpserwis.cfolks.pl\/r2\/wp-json\/wp\/v2\/tags?post=35130"}],"curies":[{"name":"wp","href":"https:\/\/api.w.org\/{rel}","templated":true}]}}