{"id":35138,"date":"2025-04-07T12:11:20","date_gmt":"2025-04-07T10:11:20","guid":{"rendered":"https:\/\/wtw.waw.pl\/?p=35138"},"modified":"2025-04-07T12:11:20","modified_gmt":"2025-04-07T10:11:20","slug":"mlodzi-zeglarze-trenuja-nad-jeziorem-garda","status":"publish","type":"post","link":"https:\/\/wpserwis.cfolks.pl\/r2\/mlodzi-zeglarze-trenuja-nad-jeziorem-garda\/","title":{"rendered":"M\u0141ODZI \u017bEGLARZE TRENUJ\u0104 NAD JEZIOREM GARDA"},"content":{"rendered":"<div class=\"xdj266r x11i5rnm xat24cr x1mh8g0r x1vvkbs x126k92a\">\n<div dir=\"auto\">Sekcja regatowa \u017ceglarska WTW, rozpoczyna sezon w fantastycznym stylu.<\/div>\n<div dir=\"auto\">&nbsp;<\/div>\n<div dir=\"auto\">Od kilku dni zawodnicy \u017cegluj\u0105 w pi\u0119knej scenerii, trenuj\u0105c do nadchodz\u0105cych start\u00f3w nad jeziorem Garda we W\u0142oszech.<\/div>\n<\/div>\n<div class=\"x11i5rnm xat24cr x1mh8g0r x1vvkbs xtlvy1s x126k92a\">\n<div dir=\"auto\">Na brak pogody \u017ceglarze nie mog\u0105 narzeka\u0107. Codzienne s\u0142o\u0144ce i wiatr dodaj\u0105 wszystkim energii, a dzi\u0119ki charakterystycznym wiatrom w regionie, mo\u017cna maksymalnie wykorzysta\u0107 dzie\u0144 \u0107wicz\u0105c kursy z wiatrem .<\/div>\n<\/div>\n<div class=\"x11i5rnm xat24cr x1mh8g0r x1vvkbs xtlvy1s x126k92a\">\n<div dir=\"auto\">&nbsp;<\/div>\n<div dir=\"auto\">Jest cudownie! \u017byczymy wiatru w \u017cagle i owocnej pracy w tych przepi\u0119knych okoliczno\u015bciach przyrody.<\/div>\n<\/div>\n<div dir=\"auto\">&nbsp;<\/div>\n<div dir=\"auto\">&nbsp;<\/div>\n<div dir=\"auto\"><a href=\"https:\/\/wpserwis.cfolks.pl\/r2\/wp-content\/uploads\/2025\/04\/488860175_1070427228447464_6982720702245808808_n.jpg\"><img loading=\"lazy\" decoding=\"async\" class=\"alignnone wp-image-35139 size-medium\" src=\"https:\/\/wpserwis.cfolks.pl\/r2\/wp-content\/uploads\/2025\/04\/488860175_1070427228447464_6982720702245808808_n-225x300.jpg\" alt=\"\" width=\"225\" height=\"300\"><\/a> <a href=\"https:\/\/wpserwis.cfolks.pl\/r2\/wp-content\/uploads\/2025\/04\/488774883_1070427265114127_7979473358986855707_n.jpg\"><img loading=\"lazy\" decoding=\"async\" class=\"alignnone wp-image-35140 size-medium\" src=\"https:\/\/wpserwis.cfolks.pl\/r2\/wp-content\/uploads\/2025\/04\/488774883_1070427265114127_7979473358986855707_n-225x300.jpg\" alt=\"\" width=\"225\" height=\"300\"><\/a> <a href=\"https:\/\/wpserwis.cfolks.pl\/r2\/wp-content\/uploads\/2025\/04\/488706208_1070427278447459_9023407268952847720_n.jpg\"><img loading=\"lazy\" decoding=\"async\" class=\"alignnone wp-image-35141 size-medium\" src=\"https:\/\/wpserwis.cfolks.pl\/r2\/wp-content\/uploads\/2025\/04\/488706208_1070427278447459_9023407268952847720_n-225x300.jpg\" alt=\"\" width=\"225\" height=\"300\"><\/a> <a href=\"https:\/\/wpserwis.cfolks.pl\/r2\/wp-content\/uploads\/2025\/04\/488938301_1070427255114128_4911198348783276934_n.jpg\"><img loading=\"lazy\" decoding=\"async\" class=\"alignnone wp-image-35142 size-medium\" src=\"https:\/\/wpserwis.cfolks.pl\/r2\/wp-content\/uploads\/2025\/04\/488938301_1070427255114128_4911198348783276934_n-225x300.jpg\" alt=\"\" width=\"225\" height=\"300\"><\/a> <a href=\"https:\/\/wpserwis.cfolks.pl\/r2\/wp-content\/uploads\/2025\/04\/489371131_1070427218447465_1353730892627812350_n.jpg\"><img loading=\"lazy\" decoding=\"async\" class=\"alignnone wp-image-35143 size-medium\" src=\"https:\/\/wpserwis.cfolks.pl\/r2\/wp-content\/uploads\/2025\/04\/489371131_1070427218447465_1353730892627812350_n-225x300.jpg\" alt=\"\" width=\"225\" height=\"300\"><\/a><\/div>\n<div dir=\"auto\">&nbsp;<\/div>\n<div dir=\"auto\">&nbsp;<\/div>\n<div dir=\"auto\">&nbsp;<\/div>\n<div dir=\"auto\">.<\/div>\n<div dir=\"auto\">&nbsp;<\/div>\n","protected":false},"excerpt":{"rendered":"<p>Sekcja regatowa \u017ceglarska WTW, rozpoczyna sezon w fantastycznym stylu. &nbsp; Od kilku dni zawodnicy \u017cegluj\u0105 w pi\u0119knej scenerii, trenuj\u0105c do nadchodz\u0105cych start\u00f3w nad jeziorem Garda we W\u0142oszech. Na brak pogody \u017ceglarze nie mog\u0105 narzeka\u0107. Codzienne s\u0142o\u0144ce i wiatr dodaj\u0105 wszystkim energii, a dzi\u0119ki charakterystycznym wiatrom w regionie, mo\u017cna maksymalnie wykorzysta\u0107 dzie\u0144 \u0107wicz\u0105c kursy z wiatrem [&hellip;]<\/p>\n","protected":false},"author":1,"featured_media":35139,"comment_status":"closed","ping_status":"closed","sticky":false,"template":"","format":"standard","meta":{"_acf_changed":false,"footnotes":""},"categories":[1],"tags":[],"class_list":["post-35138","post","type-post","status-publish","format-standard","has-post-thumbnail","hentry","category-bez-kategorii"],"acf":[],"_links":{"self":[{"href":"https:\/\/wpserwis.cfolks.pl\/r2\/wp-json\/wp\/v2\/posts\/35138","targetHints":{"allow":["GET"]}}],"collection":[{"href":"https:\/\/wpserwis.cfolks.pl\/r2\/wp-json\/wp\/v2\/posts"}],"about":[{"href":"https:\/\/wpserwis.cfolks.pl\/r2\/wp-json\/wp\/v2\/types\/post"}],"author":[{"embeddable":true,"href":"https:\/\/wpserwis.cfolks.pl\/r2\/wp-json\/wp\/v2\/users\/1"}],"replies":[{"embeddable":true,"href":"https:\/\/wpserwis.cfolks.pl\/r2\/wp-json\/wp\/v2\/comments?post=35138"}],"version-history":[{"count":0,"href":"https:\/\/wpserwis.cfolks.pl\/r2\/wp-json\/wp\/v2\/posts\/35138\/revisions"}],"wp:featuredmedia":[{"embeddable":true,"href":"https:\/\/wpserwis.cfolks.pl\/r2\/wp-json\/"}],"wp:attachment":[{"href":"https:\/\/wpserwis.cfolks.pl\/r2\/wp-json\/wp\/v2\/media?parent=35138"}],"wp:term":[{"taxonomy":"category","embeddable":true,"href":"https:\/\/wpserwis.cfolks.pl\/r2\/wp-json\/wp\/v2\/categories?post=35138"},{"taxonomy":"post_tag","embeddable":true,"href":"https:\/\/wpserwis.cfolks.pl\/r2\/wp-json\/wp\/v2\/tags?post=35138"}],"curies":[{"name":"wp","href":"https:\/\/api.w.org\/{rel}","templated":true}]}}