{"id":35194,"date":"2025-04-23T10:43:34","date_gmt":"2025-04-23T08:43:34","guid":{"rendered":"https:\/\/wtw.waw.pl\/?p=35194"},"modified":"2025-04-23T10:43:34","modified_gmt":"2025-04-23T08:43:34","slug":"zmarla-druhna-barbara-olendzka","status":"publish","type":"post","link":"https:\/\/wpserwis.cfolks.pl\/r2\/zmarla-druhna-barbara-olendzka\/","title":{"rendered":"ZMAR\u0141A DRUHNA BARBARA OLENDZKA"},"content":{"rendered":"<p>Z przykro\u015bci\u0105 zawiadamiamy, \u017ce w dniu 16.04.2025r. zmar\u0142a Druhna Barbara Olendzka.<\/p>\n<p>Druhna Barbara by\u0142a cz\u0142onkini\u0105 naszego Towarzystwa od 1976 roku. By\u0142a cz\u0142onkini\u0105 Zarz\u0105du WTW oraz kierowniczk\u0105 Sekcji Turystyki \u017beglarskiej.<\/p>\n<p>&nbsp;<\/p>\n<p>Nabo\u017ce\u0144stwo \u017ca\u0142obne, odb\u0119dzie si\u0119 w dniu 24.04.2025r. o godzinie 13:00 w ko\u015bciele \u015aw. Grzegorza na Cmentarzu Wolskim przy ul. Wolskiej 180\/182 w Warszawie.<\/p>\n<p>Rodzinie sk\u0142adamy najszczersze wyrazy wsp\u00f3\u0142czucia.<\/p>\n<p>Cze\u015b\u0107 Jej Pami\u0119ci !<\/p>\n<p>&nbsp;<\/p>\n<p>&nbsp;<\/p>\n<p>.<\/p>\n","protected":false},"excerpt":{"rendered":"<p>Z przykro\u015bci\u0105 zawiadamiamy, \u017ce w dniu 16.04.2025r. zmar\u0142a Druhna Barbara Olendzka. Druhna Barbara by\u0142a cz\u0142onkini\u0105 naszego Towarzystwa od 1976 roku. By\u0142a cz\u0142onkini\u0105 Zarz\u0105du WTW oraz kierowniczk\u0105 Sekcji Turystyki \u017beglarskiej. &nbsp; Nabo\u017ce\u0144stwo \u017ca\u0142obne, odb\u0119dzie si\u0119 w dniu 24.04.2025r. o godzinie 13:00 w ko\u015bciele \u015aw. Grzegorza na Cmentarzu Wolskim przy ul. Wolskiej 180\/182 w Warszawie. Rodzinie sk\u0142adamy [&hellip;]<\/p>\n","protected":false},"author":1,"featured_media":35195,"comment_status":"closed","ping_status":"closed","sticky":false,"template":"","format":"standard","meta":{"_acf_changed":false,"footnotes":""},"categories":[1],"tags":[],"class_list":["post-35194","post","type-post","status-publish","format-standard","has-post-thumbnail","hentry","category-bez-kategorii"],"acf":[],"_links":{"self":[{"href":"https:\/\/wpserwis.cfolks.pl\/r2\/wp-json\/wp\/v2\/posts\/35194","targetHints":{"allow":["GET"]}}],"collection":[{"href":"https:\/\/wpserwis.cfolks.pl\/r2\/wp-json\/wp\/v2\/posts"}],"about":[{"href":"https:\/\/wpserwis.cfolks.pl\/r2\/wp-json\/wp\/v2\/types\/post"}],"author":[{"embeddable":true,"href":"https:\/\/wpserwis.cfolks.pl\/r2\/wp-json\/wp\/v2\/users\/1"}],"replies":[{"embeddable":true,"href":"https:\/\/wpserwis.cfolks.pl\/r2\/wp-json\/wp\/v2\/comments?post=35194"}],"version-history":[{"count":0,"href":"https:\/\/wpserwis.cfolks.pl\/r2\/wp-json\/wp\/v2\/posts\/35194\/revisions"}],"wp:featuredmedia":[{"embeddable":true,"href":"https:\/\/wpserwis.cfolks.pl\/r2\/wp-json\/"}],"wp:attachment":[{"href":"https:\/\/wpserwis.cfolks.pl\/r2\/wp-json\/wp\/v2\/media?parent=35194"}],"wp:term":[{"taxonomy":"category","embeddable":true,"href":"https:\/\/wpserwis.cfolks.pl\/r2\/wp-json\/wp\/v2\/categories?post=35194"},{"taxonomy":"post_tag","embeddable":true,"href":"https:\/\/wpserwis.cfolks.pl\/r2\/wp-json\/wp\/v2\/tags?post=35194"}],"curies":[{"name":"wp","href":"https:\/\/api.w.org\/{rel}","templated":true}]}}