{"id":35222,"date":"2025-04-28T10:13:25","date_gmt":"2025-04-28T08:13:25","guid":{"rendered":"https:\/\/wtw.waw.pl\/?p=35222"},"modified":"2025-04-28T10:13:25","modified_gmt":"2025-04-28T08:13:25","slug":"franek-mularczyk-w-kadrze-narodowej-kajakarzy","status":"publish","type":"post","link":"https:\/\/wpserwis.cfolks.pl\/r2\/franek-mularczyk-w-kadrze-narodowej-kajakarzy\/","title":{"rendered":"FRANEK MULARCZYK W KADRZE NARODOWEJ KAJAKARZY"},"content":{"rendered":"<div class=\"xdj266r x11i5rnm xat24cr x1mh8g0r x1vvkbs x126k92a\">\n<div dir=\"auto\">Najlepszy start naszych kajakarzy WTW od 20 lat w konsultacjach do kadry narodowej, kt\u00f3re odby\u0142y si\u0119 w ten weekend w COS OPO Wa\u0142cz.<\/div>\n<div dir=\"auto\">&nbsp;<\/div>\n<\/div>\n<div class=\"x11i5rnm xat24cr x1mh8g0r x1vvkbs xtlvy1s x126k92a\">\n<div dir=\"auto\">\u015awietny wynik Franciszka Mularczyka (drugi w swoim roczniku w Polsce) oraz udany start junior\u00f3w na pocz\u0105tku sezonu, a to wszystko po zaledwie trzech tygodniach wios\u0142owania. Franciszek Mularczyk dosta\u0142 si\u0119 tym samym do kadry narodowej kajakarzy na rok 2025.<\/div>\n<\/div>\n<div class=\"x11i5rnm xat24cr x1mh8g0r x1vvkbs xtlvy1s x126k92a\">\n<div dir=\"auto\"><em>Solidnie przepracowana zima zaowocowa\u0142a<\/em> &#8211; podsumowuje starty swoich podopiecznych trener Andrzej Dryl.<\/div>\n<\/div>\n<div dir=\"auto\">&nbsp;<\/div>\n<div dir=\"auto\">Gratulujemy !<\/div>\n<div dir=\"auto\">&nbsp;<\/div>\n<div dir=\"auto\">&nbsp;<\/div>\n<div dir=\"auto\">&nbsp;<\/div>\n<div dir=\"auto\">&nbsp;<\/div>\n<div dir=\"auto\">&nbsp;<\/div>\n<div dir=\"auto\">&nbsp;<\/div>\n<div dir=\"auto\">&nbsp;<\/div>\n<div dir=\"auto\">,<\/div>\n","protected":false},"excerpt":{"rendered":"<p>Najlepszy start naszych kajakarzy WTW od 20 lat w konsultacjach do kadry narodowej, kt\u00f3re odby\u0142y si\u0119 w ten weekend w COS OPO Wa\u0142cz. &nbsp; \u015awietny wynik Franciszka Mularczyka (drugi w swoim roczniku w Polsce) oraz udany start junior\u00f3w na pocz\u0105tku sezonu, a to wszystko po zaledwie trzech tygodniach wios\u0142owania. Franciszek Mularczyk dosta\u0142 si\u0119 tym samym [&hellip;]<\/p>\n","protected":false},"author":1,"featured_media":35223,"comment_status":"closed","ping_status":"closed","sticky":false,"template":"","format":"standard","meta":{"_acf_changed":false,"footnotes":""},"categories":[1],"tags":[],"class_list":["post-35222","post","type-post","status-publish","format-standard","has-post-thumbnail","hentry","category-bez-kategorii"],"acf":[],"_links":{"self":[{"href":"https:\/\/wpserwis.cfolks.pl\/r2\/wp-json\/wp\/v2\/posts\/35222","targetHints":{"allow":["GET"]}}],"collection":[{"href":"https:\/\/wpserwis.cfolks.pl\/r2\/wp-json\/wp\/v2\/posts"}],"about":[{"href":"https:\/\/wpserwis.cfolks.pl\/r2\/wp-json\/wp\/v2\/types\/post"}],"author":[{"embeddable":true,"href":"https:\/\/wpserwis.cfolks.pl\/r2\/wp-json\/wp\/v2\/users\/1"}],"replies":[{"embeddable":true,"href":"https:\/\/wpserwis.cfolks.pl\/r2\/wp-json\/wp\/v2\/comments?post=35222"}],"version-history":[{"count":0,"href":"https:\/\/wpserwis.cfolks.pl\/r2\/wp-json\/wp\/v2\/posts\/35222\/revisions"}],"wp:featuredmedia":[{"embeddable":true,"href":"https:\/\/wpserwis.cfolks.pl\/r2\/wp-json\/"}],"wp:attachment":[{"href":"https:\/\/wpserwis.cfolks.pl\/r2\/wp-json\/wp\/v2\/media?parent=35222"}],"wp:term":[{"taxonomy":"category","embeddable":true,"href":"https:\/\/wpserwis.cfolks.pl\/r2\/wp-json\/wp\/v2\/categories?post=35222"},{"taxonomy":"post_tag","embeddable":true,"href":"https:\/\/wpserwis.cfolks.pl\/r2\/wp-json\/wp\/v2\/tags?post=35222"}],"curies":[{"name":"wp","href":"https:\/\/api.w.org\/{rel}","templated":true}]}}