{"id":35225,"date":"2025-04-28T13:36:01","date_gmt":"2025-04-28T11:36:01","guid":{"rendered":"https:\/\/wtw.waw.pl\/?p=35225"},"modified":"2025-04-28T13:36:01","modified_gmt":"2025-04-28T11:36:01","slug":"regaty-kontrolne-kot-i-robinski-walcza-o-powolanie-do-kadry","status":"publish","type":"post","link":"https:\/\/wpserwis.cfolks.pl\/r2\/regaty-kontrolne-kot-i-robinski-walcza-o-powolanie-do-kadry\/","title":{"rendered":"REGATY KONTROLNE: KOT I ROBI\u0143SKI WALCZ\u0104 O POWO\u0141ANIE DO KADRY"},"content":{"rendered":"<div class=\"xdj266r x11i5rnm xat24cr x1mh8g0r x1vvkbs x126k92a\">\n<div dir=\"auto\">Centralne Regaty Kontrolne do kadry narodowej w wio\u015blarstwie za Nami&nbsp;. W miniony weekend regaty odby\u0142y si\u0119 na torze w Kruszwicy (zawody zosta\u0142y przeniesione z Poznania, z powodu niskiego stanu wody na &#8222;Malcie&#8221;).<\/div>\n<\/div>\n<div class=\"x11i5rnm xat24cr x1mh8g0r x1vvkbs xtlvy1s x126k92a\">\n<div dir=\"auto\">&nbsp;<\/div>\n<div dir=\"auto\">Kr\u00f3tkie podsumowanie regat od naszego Trenera Koordynatora Dominika Brodziaka:<\/div>\n<div dir=\"auto\">&nbsp;<\/div>\n<\/div>\n<div class=\"x11i5rnm xat24cr x1mh8g0r x1vvkbs xtlvy1s x126k92a\">\n<div dir=\"auto\">\u201c<em>Starty oceniamy pozytywnie. Wszystkie ma\u0142e typy \u0142odzi wypad\u0142y wed\u0142ug naszych przewidywa\u0144.<\/em><\/div>\n<div dir=\"auto\"><em>G\u0142\u00f3wnym zadaniem m\u0142odych zawodnik\u00f3w by\u0142o budowanie do\u015bwiadczenie startowego. Dw\u00f3jki bez sterniczki juniorek m\u0142odszych i juniorek z ka\u017cdym biegiem poprawia\u0142y sw\u00f3j rezultat, co cieszy. W jedynkach juniorek m\u0142odszych pierwsze kroki na zawodach og\u00f3lnopolskich stawia\u0142y Josephine Schlesinger i Matylda R\u00f3g. Dziewcz\u0119ta oscylowa\u0142y w fina\u0142ach B i C. Za\u015b Oktawia z fina\u0142u B awansowa\u0142a do fina\u0142u A, w kt\u00f3rym utrzyma\u0142a si\u0119 do ko\u0144ca regat. Jej wynik skutkuje powo\u0142aniem na zgrupowanie programu \u201eAdept Wio\u015blarstwa\u201d w Wa\u0142czu (27.04-04.05).<\/em><\/div>\n<div dir=\"auto\">&nbsp;<\/div>\n<div dir=\"auto\"><em>Ciekawym po\u0142\u0105czeniem okaza\u0142a sie\u0328 m\u0142odzie\u017cowa czw\u00f3rka bez sternika Miko\u0142aj Kot, Antoni Robi\u0144ski, kt\u00f3rzy wraz z kolegami z AZSu UMK Toru\u0144 Miko\u0142ajem Kowalskim i Mateuszem Bielakiem wygrali poranny wy\u015bcig. Po po\u0142udniu ust\u0105pili tylko 0,5 sekundy osadzie kombinowanej PZTW. Nast\u0119pstwem tego osi\u0105gni\u0119cia jest powo\u0142anie naszych zawodnik\u00f3w na zgrupowanie w Wa\u0142czu, kt\u00f3re wy\u0142oni uczestnik\u00f3w na pierwsze mi\u0119dzynarodowe regaty w Belgii .<\/em><\/div>\n<\/div>\n<div class=\"x11i5rnm xat24cr x1mh8g0r x1vvkbs xtlvy1s x126k92a\">\n<div dir=\"auto\">&nbsp;<\/div>\n<div dir=\"auto\"><em>Starty Piotra Plominskiego i Konrada Doma\u0144skiego to drugi krajowy sprawdzian przed zbli\u017caj\u0105cymi sie\u0328 Mistrzostwami Europy Senior\u00f3w. Panowie wypadli obiecuj\u0105co szczeg\u00f3lnie w biegach dw\u00f3jek podw\u00f3jnych gdzie zajmowali na zmian\u0119 2 i 3 miejsca wraz ze swoimi reprezentacyjnymi partnerami. Piotrek dodatkowo w sobot\u0119 zaliczy\u0142 wygran\u0105 w jedynce rewan\u017cuj\u0105c sie\u0328 za 4 miejsce w porannym wy\u015bcigu.<\/em>\u201d<\/div>\n<\/div>\n<div class=\"x11i5rnm xat24cr x1mh8g0r x1vvkbs xtlvy1s x126k92a\">\n<div dir=\"auto\">&nbsp;<\/div>\n<div dir=\"auto\">Wielkie GRATULACJE dla Wszystkich zawodnik\u00f3w startuj\u0105cych w miniony weekend jak i ich trener\u00f3w!&nbsp;<\/div>\n<\/div>\n<div class=\"x11i5rnm xat24cr x1mh8g0r x1vvkbs xtlvy1s x126k92a\">\n<div dir=\"auto\">&nbsp;<\/div>\n<div dir=\"auto\">Sezon regatowy 2025 uwa\u017camy za Otwarty na dobre&nbsp;<\/div>\n<div dir=\"auto\">&nbsp;<\/div>\n<\/div>\n<div class=\"x11i5rnm xat24cr x1mh8g0r x1vvkbs xtlvy1s x126k92a\">\n<div dir=\"auto\"><span class=\"html-span xexx8yu x4uap5 x18d9i69 xkhd6sd x1hl2dhg x16tdsg8 x1vvkbs x3nfvp2 x1j61x8r x1fcty0u xdj266r xat24cr xgzva0m xhhsvwb xxymvpz xlup9mm x1kky2od\"><img loading=\"lazy\" decoding=\"async\" class=\"xz74otr x168nmei x13lgxp2 x5pf9jr xo71vjh\" src=\"https:\/\/static.xx.fbcdn.net\/images\/emoji.php\/v9\/t7d\/2\/16\/1f4f8.png\" alt=\"\ud83d\udcf8\" width=\"16\" height=\"16\"><\/span> Jaros\u0142aw Janowski<\/div>\n<\/div>\n<div dir=\"auto\">&nbsp;<\/div>\n<div dir=\"auto\"><a href=\"https:\/\/wpserwis.cfolks.pl\/r2\/wp-content\/uploads\/2025\/04\/491416643_18496290304016863_6597222559691881719_n.jpg\"><img loading=\"lazy\" decoding=\"async\" class=\"alignnone wp-image-35226 size-medium\" src=\"https:\/\/wpserwis.cfolks.pl\/r2\/wp-content\/uploads\/2025\/04\/491416643_18496290304016863_6597222559691881719_n-300x200.jpg\" alt=\"\" width=\"300\" height=\"200\"><\/a> <a href=\"https:\/\/wpserwis.cfolks.pl\/r2\/wp-content\/uploads\/2025\/04\/491416963_18496290277016863_2169950477005596040_n.jpg\"><img loading=\"lazy\" decoding=\"async\" class=\"alignnone wp-image-35227 size-medium\" src=\"https:\/\/wpserwis.cfolks.pl\/r2\/wp-content\/uploads\/2025\/04\/491416963_18496290277016863_2169950477005596040_n-300x200.jpg\" alt=\"\" width=\"300\" height=\"200\"><\/a> <a href=\"https:\/\/wpserwis.cfolks.pl\/r2\/wp-content\/uploads\/2025\/04\/491438379_18496290325016863_705976748174232827_n.jpg\"><img loading=\"lazy\" decoding=\"async\" class=\"alignnone wp-image-35228 size-medium\" src=\"https:\/\/wpserwis.cfolks.pl\/r2\/wp-content\/uploads\/2025\/04\/491438379_18496290325016863_705976748174232827_n-300x200.jpg\" alt=\"\" width=\"300\" height=\"200\"><\/a> <a href=\"https:\/\/wpserwis.cfolks.pl\/r2\/wp-content\/uploads\/2025\/04\/491438576_18496290280016863_6281908356494433613_n.jpg\"><img loading=\"lazy\" decoding=\"async\" class=\"alignnone wp-image-35229 size-medium\" src=\"https:\/\/wpserwis.cfolks.pl\/r2\/wp-content\/uploads\/2025\/04\/491438576_18496290280016863_6281908356494433613_n-300x200.jpg\" alt=\"\" width=\"300\" height=\"200\"><\/a> <a href=\"https:\/\/wpserwis.cfolks.pl\/r2\/wp-content\/uploads\/2025\/04\/491439359_18496290298016863_8992432231922780841_n.jpg\"><img loading=\"lazy\" decoding=\"async\" class=\"alignnone wp-image-35230 size-medium\" src=\"https:\/\/wpserwis.cfolks.pl\/r2\/wp-content\/uploads\/2025\/04\/491439359_18496290298016863_8992432231922780841_n-300x200.jpg\" alt=\"\" width=\"300\" height=\"200\"><\/a> <a href=\"https:\/\/wpserwis.cfolks.pl\/r2\/wp-content\/uploads\/2025\/04\/491445701_18496290256016863_8673900427274579975_n.jpg\"><img loading=\"lazy\" decoding=\"async\" class=\"alignnone wp-image-35231 size-medium\" src=\"https:\/\/wpserwis.cfolks.pl\/r2\/wp-content\/uploads\/2025\/04\/491445701_18496290256016863_8673900427274579975_n-300x200.jpg\" alt=\"\" width=\"300\" height=\"200\"><\/a><\/div>\n<div dir=\"auto\">&nbsp;<\/div>\n<div dir=\"auto\">&nbsp;<\/div>\n<div dir=\"auto\">&nbsp;<\/div>\n<div dir=\"auto\">.<\/div>\n","protected":false},"excerpt":{"rendered":"<p>Centralne Regaty Kontrolne do kadry narodowej w wio\u015blarstwie za Nami&nbsp;. W miniony weekend regaty odby\u0142y si\u0119 na torze w Kruszwicy (zawody zosta\u0142y przeniesione z Poznania, z powodu niskiego stanu wody na &#8222;Malcie&#8221;). &nbsp; Kr\u00f3tkie podsumowanie regat od naszego Trenera Koordynatora Dominika Brodziaka: &nbsp; \u201cStarty oceniamy pozytywnie. Wszystkie ma\u0142e typy \u0142odzi wypad\u0142y wed\u0142ug naszych przewidywa\u0144. G\u0142\u00f3wnym [&hellip;]<\/p>\n","protected":false},"author":1,"featured_media":35234,"comment_status":"closed","ping_status":"closed","sticky":false,"template":"","format":"standard","meta":{"_acf_changed":false,"footnotes":""},"categories":[1],"tags":[],"class_list":["post-35225","post","type-post","status-publish","format-standard","has-post-thumbnail","hentry","category-bez-kategorii"],"acf":[],"_links":{"self":[{"href":"https:\/\/wpserwis.cfolks.pl\/r2\/wp-json\/wp\/v2\/posts\/35225","targetHints":{"allow":["GET"]}}],"collection":[{"href":"https:\/\/wpserwis.cfolks.pl\/r2\/wp-json\/wp\/v2\/posts"}],"about":[{"href":"https:\/\/wpserwis.cfolks.pl\/r2\/wp-json\/wp\/v2\/types\/post"}],"author":[{"embeddable":true,"href":"https:\/\/wpserwis.cfolks.pl\/r2\/wp-json\/wp\/v2\/users\/1"}],"replies":[{"embeddable":true,"href":"https:\/\/wpserwis.cfolks.pl\/r2\/wp-json\/wp\/v2\/comments?post=35225"}],"version-history":[{"count":0,"href":"https:\/\/wpserwis.cfolks.pl\/r2\/wp-json\/wp\/v2\/posts\/35225\/revisions"}],"wp:featuredmedia":[{"embeddable":true,"href":"https:\/\/wpserwis.cfolks.pl\/r2\/wp-json\/"}],"wp:attachment":[{"href":"https:\/\/wpserwis.cfolks.pl\/r2\/wp-json\/wp\/v2\/media?parent=35225"}],"wp:term":[{"taxonomy":"category","embeddable":true,"href":"https:\/\/wpserwis.cfolks.pl\/r2\/wp-json\/wp\/v2\/categories?post=35225"},{"taxonomy":"post_tag","embeddable":true,"href":"https:\/\/wpserwis.cfolks.pl\/r2\/wp-json\/wp\/v2\/tags?post=35225"}],"curies":[{"name":"wp","href":"https:\/\/api.w.org\/{rel}","templated":true}]}}