{"id":35708,"date":"2025-05-29T13:35:41","date_gmt":"2025-05-29T11:35:41","guid":{"rendered":"https:\/\/wtw.waw.pl\/?p=35708"},"modified":"2025-05-29T13:35:41","modified_gmt":"2025-05-29T11:35:41","slug":"glosujemy-w-plebiscycie-wilanowa-prosimy-o-glosy","status":"publish","type":"post","link":"https:\/\/wpserwis.cfolks.pl\/r2\/glosujemy-w-plebiscycie-wilanowa-prosimy-o-glosy\/","title":{"rendered":"G\u0141OSUJEMY W PLEBISCYCIE WILANOWA ! PROSIMY O G\u0141OSY !"},"content":{"rendered":"<p>Kochani !<\/p>\n<p>Gor\u0105co zach\u0119camy Was do oddania swojego g\u0142osu w Plebiscycie dzielnicy Wilan\u00f3w.<\/p>\n<p>G\u0142osujemy na:<\/p>\n<p>&#8211; Wio\u015blarskiego Tytana Warszawy \u2013 nasz\u0105 turbo imprez\u0119 dla dzieci i m\u0142odzie\u017cy<\/p>\n<p>&#8211; Wiktora i Carmen Cruz-Koniak \u2013 fantastyczne rodze\u0144stwo, naszych m\u0142odych kajakarzy<\/p>\n<p>G\u0142osowanie jest bezp\u0142atne.<br \/>\nG\u0142osowa\u0107 mo\u017cna do 08.06.2025r.<br \/>\nOdda\u0107 mo\u017cna tylko jeden g\u0142os.<\/p>\n<p>W ubieg\u0142ym roku Tytan zosta\u0142 zwyci\u0119zc\u0105 Plebiscytu w kategorii Wydarzenie Roku. Dlaczego nie powt\u00f3rzy\u0107 tego sukcesu ?<\/p>\n<p>G\u0142osujemy <span style=\"color: #0000ff;\"><a style=\"color: #0000ff;\" href=\"https:\/\/forms.office.com\/pages\/responsepage.aspx?id=p9fkEC9FekmGn8OZ341FQGdPgNkw_BlIqin0kxbvL3ZUREdSUERDNE1BMzIxOUFBR0hSNFJMRVMxVy4u&amp;route=shorturl\">TUTAJ &#8211; kliknij&nbsp;<\/a><\/span><\/p>\n<p>&nbsp;<\/p>\n<p>&nbsp;<\/p>\n<p>.<\/p>\n<p>&nbsp;<\/p>\n","protected":false},"excerpt":{"rendered":"<p>Kochani ! Gor\u0105co zach\u0119camy Was do oddania swojego g\u0142osu w Plebiscycie dzielnicy Wilan\u00f3w. G\u0142osujemy na: &#8211; Wio\u015blarskiego Tytana Warszawy \u2013 nasz\u0105 turbo imprez\u0119 dla dzieci i m\u0142odzie\u017cy &#8211; Wiktora i Carmen Cruz-Koniak \u2013 fantastyczne rodze\u0144stwo, naszych m\u0142odych kajakarzy G\u0142osowanie jest bezp\u0142atne. G\u0142osowa\u0107 mo\u017cna do 08.06.2025r. Odda\u0107 mo\u017cna tylko jeden g\u0142os. W ubieg\u0142ym roku Tytan zosta\u0142 [&hellip;]<\/p>\n","protected":false},"author":1,"featured_media":35709,"comment_status":"closed","ping_status":"closed","sticky":false,"template":"","format":"standard","meta":{"_acf_changed":false,"footnotes":""},"categories":[1],"tags":[],"class_list":["post-35708","post","type-post","status-publish","format-standard","has-post-thumbnail","hentry","category-bez-kategorii"],"acf":[],"_links":{"self":[{"href":"https:\/\/wpserwis.cfolks.pl\/r2\/wp-json\/wp\/v2\/posts\/35708","targetHints":{"allow":["GET"]}}],"collection":[{"href":"https:\/\/wpserwis.cfolks.pl\/r2\/wp-json\/wp\/v2\/posts"}],"about":[{"href":"https:\/\/wpserwis.cfolks.pl\/r2\/wp-json\/wp\/v2\/types\/post"}],"author":[{"embeddable":true,"href":"https:\/\/wpserwis.cfolks.pl\/r2\/wp-json\/wp\/v2\/users\/1"}],"replies":[{"embeddable":true,"href":"https:\/\/wpserwis.cfolks.pl\/r2\/wp-json\/wp\/v2\/comments?post=35708"}],"version-history":[{"count":0,"href":"https:\/\/wpserwis.cfolks.pl\/r2\/wp-json\/wp\/v2\/posts\/35708\/revisions"}],"wp:featuredmedia":[{"embeddable":true,"href":"https:\/\/wpserwis.cfolks.pl\/r2\/wp-json\/"}],"wp:attachment":[{"href":"https:\/\/wpserwis.cfolks.pl\/r2\/wp-json\/wp\/v2\/media?parent=35708"}],"wp:term":[{"taxonomy":"category","embeddable":true,"href":"https:\/\/wpserwis.cfolks.pl\/r2\/wp-json\/wp\/v2\/categories?post=35708"},{"taxonomy":"post_tag","embeddable":true,"href":"https:\/\/wpserwis.cfolks.pl\/r2\/wp-json\/wp\/v2\/tags?post=35708"}],"curies":[{"name":"wp","href":"https:\/\/api.w.org\/{rel}","templated":true}]}}