{"id":35720,"date":"2025-06-01T11:20:00","date_gmt":"2025-06-01T09:20:00","guid":{"rendered":"https:\/\/wtw.waw.pl\/?p=35720"},"modified":"2025-06-01T11:20:00","modified_gmt":"2025-06-01T09:20:00","slug":"domanski-i-plominski-z-brazowymi-medalami-mistrzostw-europy","status":"publish","type":"post","link":"https:\/\/wpserwis.cfolks.pl\/r2\/domanski-i-plominski-z-brazowymi-medalami-mistrzostw-europy\/","title":{"rendered":"DOMA\u0143SKI I P\u0141OMI\u0143SKI Z BR\u0104ZOWYMI MEDALAMI MISTRZOSTW EUROPY !"},"content":{"rendered":"<div class=\"html-div xdj266r x11i5rnm xat24cr x1mh8g0r xexx8yu x4uap5 x18d9i69 xkhd6sd\" dir=\"auto\">\n<div class=\"html-div xdj266r x11i5rnm xat24cr x1mh8g0r xexx8yu x4uap5 x18d9i69 xkhd6sd\" data-ad-rendering-role=\"story_message\">\n<div id=\"\u00abr7v\u00bb\" class=\"x1l90r2v x1iorvi4 x1ye3gou xn6708d\" data-ad-comet-preview=\"message\" data-ad-preview=\"message\">\n<div class=\"x78zum5 xdt5ytf xz62fqu x16ldp7u\">\n<div class=\"xu06os2 x1ok221b\">\n<div class=\"html-div xdj266r x11i5rnm xat24cr x1mh8g0r xexx8yu x4uap5 x18d9i69 xkhd6sd\">\n<div class=\"xdj266r x11i5rnm xat24cr x1mh8g0r x1vvkbs x126k92a\">\n<div dir=\"auto\">Pi\u0119kny prezent na Dzie\u0144 Dziecka ! Dzi\u0119kujemy Panowie !<\/div>\n<div dir=\"auto\">&nbsp;<\/div>\n<div dir=\"auto\">Wio\u015blarska czw\u00f3rka podw\u00f3jna m\u0119\u017cczyzn (Doma\u0144ski, P\u0142omi\u0144ski, Wo\u017aniak-KW04 Pozna\u0144, Czaja- AZS AWF W-wa), po niezwykle pasjonuj\u0105cym finale, zdoby\u0142a br\u0105zowy medal Mistrzostw Europy. Regaty odbywa\u0142y si\u0119 w bu\u0142graskim Plovdiv, z kt\u00f3rym od kilku sezon\u00f3w mamy bardzo dobre wspomnienia. Tak by\u0142o i tym razem.<\/div>\n<div dir=\"auto\">&nbsp;<\/div>\n<div dir=\"auto\">Do 1000 metr\u00f3w Polacy byli na pierwszym miejscu.<\/div>\n<div dir=\"auto\">&nbsp;<\/div>\n<div dir=\"auto\">Szale\u0144czy atak brytyjczyk\u00f3w, spowodowa\u0142 \u017ce to oni na drugiej cz\u0119\u015bci dystansu wysun\u0119li si\u0119 na prowadzenie, kt\u00f3rego nie oddali a\u017c do mety. Polacy walczyli niemi\u0142osiernie z holendrami o srebro. Niestety zabrak\u0142o &#8230;. 0,06 sekundy&#8230;.<\/div>\n<div dir=\"auto\">&nbsp;<\/div>\n<div dir=\"auto\">Jest br\u0105z! Jest sukces! Osada p\u0142yn\u0119\u0142a pierwszy raz w takim sk\u0142adzie na zawodach rangi mistrzowskiej.<\/div>\n<div dir=\"auto\">&nbsp;<\/div>\n<div dir=\"auto\">Mamy trzecie miejsce w Europie ! Ogromne gratulacje dla Konrada, Piotra, Jakuba i Dominika !<\/div>\n<\/div>\n<\/div>\n<\/div>\n<\/div>\n<\/div>\n<\/div>\n<\/div>\n<div dir=\"auto\">&nbsp;<\/div>\n<div dir=\"auto\">&nbsp;<\/div>\n<div dir=\"auto\">&nbsp;<\/div>\n<div dir=\"auto\">&nbsp;<\/div>\n<div dir=\"auto\">.<\/div>\n","protected":false},"excerpt":{"rendered":"<p>Pi\u0119kny prezent na Dzie\u0144 Dziecka ! Dzi\u0119kujemy Panowie ! &nbsp; Wio\u015blarska czw\u00f3rka podw\u00f3jna m\u0119\u017cczyzn (Doma\u0144ski, P\u0142omi\u0144ski, Wo\u017aniak-KW04 Pozna\u0144, Czaja- AZS AWF W-wa), po niezwykle pasjonuj\u0105cym finale, zdoby\u0142a br\u0105zowy medal Mistrzostw Europy. Regaty odbywa\u0142y si\u0119 w bu\u0142graskim Plovdiv, z kt\u00f3rym od kilku sezon\u00f3w mamy bardzo dobre wspomnienia. Tak by\u0142o i tym razem. &nbsp; Do 1000 metr\u00f3w [&hellip;]<\/p>\n","protected":false},"author":1,"featured_media":35721,"comment_status":"closed","ping_status":"closed","sticky":false,"template":"","format":"standard","meta":{"_acf_changed":false,"footnotes":""},"categories":[1],"tags":[],"class_list":["post-35720","post","type-post","status-publish","format-standard","has-post-thumbnail","hentry","category-bez-kategorii"],"acf":[],"_links":{"self":[{"href":"https:\/\/wpserwis.cfolks.pl\/r2\/wp-json\/wp\/v2\/posts\/35720","targetHints":{"allow":["GET"]}}],"collection":[{"href":"https:\/\/wpserwis.cfolks.pl\/r2\/wp-json\/wp\/v2\/posts"}],"about":[{"href":"https:\/\/wpserwis.cfolks.pl\/r2\/wp-json\/wp\/v2\/types\/post"}],"author":[{"embeddable":true,"href":"https:\/\/wpserwis.cfolks.pl\/r2\/wp-json\/wp\/v2\/users\/1"}],"replies":[{"embeddable":true,"href":"https:\/\/wpserwis.cfolks.pl\/r2\/wp-json\/wp\/v2\/comments?post=35720"}],"version-history":[{"count":0,"href":"https:\/\/wpserwis.cfolks.pl\/r2\/wp-json\/wp\/v2\/posts\/35720\/revisions"}],"wp:featuredmedia":[{"embeddable":true,"href":"https:\/\/wpserwis.cfolks.pl\/r2\/wp-json\/"}],"wp:attachment":[{"href":"https:\/\/wpserwis.cfolks.pl\/r2\/wp-json\/wp\/v2\/media?parent=35720"}],"wp:term":[{"taxonomy":"category","embeddable":true,"href":"https:\/\/wpserwis.cfolks.pl\/r2\/wp-json\/wp\/v2\/categories?post=35720"},{"taxonomy":"post_tag","embeddable":true,"href":"https:\/\/wpserwis.cfolks.pl\/r2\/wp-json\/wp\/v2\/tags?post=35720"}],"curies":[{"name":"wp","href":"https:\/\/api.w.org\/{rel}","templated":true}]}}