{"id":35727,"date":"2025-06-03T10:28:47","date_gmt":"2025-06-03T08:28:47","guid":{"rendered":"https:\/\/wtw.waw.pl\/?p=35727"},"modified":"2025-06-03T10:28:47","modified_gmt":"2025-06-03T08:28:47","slug":"walne-zebranie-wtw-warszawa-25-06-2025r","status":"publish","type":"post","link":"https:\/\/wpserwis.cfolks.pl\/r2\/walne-zebranie-wtw-warszawa-25-06-2025r\/","title":{"rendered":"WALNE ZEBRANIE WTW WARSZAWA &#8211; 25.06.2025r."},"content":{"rendered":"<p>Szanowne Druhny, Szanowni Druhowie.<\/p>\n<p>Zarz\u0105d Warszawskiego Towarzystwa Wio\u015blarskiego, zwo\u0142uje na dzie\u0144 25.06.2025r. Walne Zebranie Sprawozdawcze Cz\u0142onk\u00f3w Warszawskiego Towarzystwa Wio\u015blarskiego.<br \/>\nZebranie odb\u0119dzie si\u0119 w siedzibie Towarzystwa przy ul. Wio\u015blarskiej 6 w Warszawie o godzinie 17:30 &#8211; sala konferencyjna, parter budynku.<\/p>\n<p>Program obrad Walnego Zebrania, znajduje si\u0119 poni\u017cej.<\/p>\n<p>Osoby, kt\u00f3re nie b\u0119d\u0105 mog\u0142y uczestniczy\u0107 w obradach, zgodnie z par. 14 pkt. 2 Statutu WTW, proszone s\u0105 o przesy\u0142anie pisemnych informacji o nieobecno\u015bci poczt\u0105 tradycyjn\u0105 na adres biura, lub drog\u0105 mailow\u0105: <a href=\"mailto:wtw@wtw.waw.pl\">wtw@wtw.waw.pl<\/a><\/p>\n<p>Z powa\u017caniem<br \/>\nWarszawskie Towarzystwo Wio\u015blarskie <img loading=\"lazy\" decoding=\"async\" src=\"http:\/\/wtw.emaillabs.info.pl\/open\/?ot=NzY1NzliYmE0Y2ZjNGVjNGI2YjBkOWUxMGRkYzgyYWVAYXBwLnd0dy53YXcucGx8VHVlLCAyOCBNYXkgMjAyNCAxMjo1NzoxOCArMDIwMHxtYWNpZWouc2xpd2luc2tpQHd0dy53YXcucGx8MS53dHcuc210cHxyZWRncmlkNDl8MHwxLmU1YjMxN2ZmM2EyY2RjNGZlNDhhNDJhYjJmMGMzZjZh\" alt=\"\" width=\"1\" height=\"1\" border=\"0\"><\/p>\n<p>Program:<\/p>\n<p><a href=\"https:\/\/wpserwis.cfolks.pl\/r2\/wp-content\/uploads\/2025\/06\/Walne-Zebranie-WTW.pdf\"><span style=\"color: #0000ff;\"><strong>Walne Zebranie WTW<\/strong><\/span><\/a><\/p>\n<p>&nbsp;<\/p>\n<p>&nbsp;<\/p>\n","protected":false},"excerpt":{"rendered":"<p>Szanowne Druhny, Szanowni Druhowie. Zarz\u0105d Warszawskiego Towarzystwa Wio\u015blarskiego, zwo\u0142uje na dzie\u0144 25.06.2025r. Walne Zebranie Sprawozdawcze Cz\u0142onk\u00f3w Warszawskiego Towarzystwa Wio\u015blarskiego. Zebranie odb\u0119dzie si\u0119 w siedzibie Towarzystwa przy ul. Wio\u015blarskiej 6 w Warszawie o godzinie 17:30 &#8211; sala konferencyjna, parter budynku. Program obrad Walnego Zebrania, znajduje si\u0119 poni\u017cej. Osoby, kt\u00f3re nie b\u0119d\u0105 mog\u0142y uczestniczy\u0107 w obradach, zgodnie [&hellip;]<\/p>\n","protected":false},"author":1,"featured_media":35728,"comment_status":"closed","ping_status":"closed","sticky":false,"template":"","format":"standard","meta":{"_acf_changed":false,"footnotes":""},"categories":[1],"tags":[],"class_list":["post-35727","post","type-post","status-publish","format-standard","has-post-thumbnail","hentry","category-bez-kategorii"],"acf":[],"_links":{"self":[{"href":"https:\/\/wpserwis.cfolks.pl\/r2\/wp-json\/wp\/v2\/posts\/35727","targetHints":{"allow":["GET"]}}],"collection":[{"href":"https:\/\/wpserwis.cfolks.pl\/r2\/wp-json\/wp\/v2\/posts"}],"about":[{"href":"https:\/\/wpserwis.cfolks.pl\/r2\/wp-json\/wp\/v2\/types\/post"}],"author":[{"embeddable":true,"href":"https:\/\/wpserwis.cfolks.pl\/r2\/wp-json\/wp\/v2\/users\/1"}],"replies":[{"embeddable":true,"href":"https:\/\/wpserwis.cfolks.pl\/r2\/wp-json\/wp\/v2\/comments?post=35727"}],"version-history":[{"count":0,"href":"https:\/\/wpserwis.cfolks.pl\/r2\/wp-json\/wp\/v2\/posts\/35727\/revisions"}],"wp:featuredmedia":[{"embeddable":true,"href":"https:\/\/wpserwis.cfolks.pl\/r2\/wp-json\/"}],"wp:attachment":[{"href":"https:\/\/wpserwis.cfolks.pl\/r2\/wp-json\/wp\/v2\/media?parent=35727"}],"wp:term":[{"taxonomy":"category","embeddable":true,"href":"https:\/\/wpserwis.cfolks.pl\/r2\/wp-json\/wp\/v2\/categories?post=35727"},{"taxonomy":"post_tag","embeddable":true,"href":"https:\/\/wpserwis.cfolks.pl\/r2\/wp-json\/wp\/v2\/tags?post=35727"}],"curies":[{"name":"wp","href":"https:\/\/api.w.org\/{rel}","templated":true}]}}