{"id":35765,"date":"2025-06-09T12:28:59","date_gmt":"2025-06-09T10:28:59","guid":{"rendered":"https:\/\/wtw.waw.pl\/?p=35765"},"modified":"2025-06-09T12:28:59","modified_gmt":"2025-06-09T10:28:59","slug":"srebrna-dwojka-na-mistrzostwach-polski-seniorow","status":"publish","type":"post","link":"https:\/\/wpserwis.cfolks.pl\/r2\/srebrna-dwojka-na-mistrzostwach-polski-seniorow\/","title":{"rendered":"SREBRNA DW\u00d3JKA NA MISTRZOSTWACH POLSKI SENIOR\u00d3W"},"content":{"rendered":"<div class=\"xdj266r x14z9mp xat24cr x1lziwak x1vvkbs x126k92a\">\n<div dir=\"auto\">Mistrzostwa Polski Senior\u00f3w w Kruszwicy za Nami.<\/div>\n<\/div>\n<div class=\"x14z9mp xat24cr x1lziwak x1vvkbs xtlvy1s x126k92a\">\n<div dir=\"auto\">W kategorii Senior w Mistrzostwach Polski wzi\u0119\u0142y udzia\u0142 3 m\u0119skie osady WTW Warszawa. Nasza mistrzowska dw\u00f3jka w sk\u0142adzie: Piotr P\u0142omi\u0144ski oraz Konrad Doma\u0144ski zaj\u0119\u0142a drugie miejsce,&nbsp;tu\u017c za osad\u0105 z AZS AWF Warszawa Dominikiem Czaj\u0105 i Cezarym Litk\u0105.<\/div>\n<div dir=\"auto\">&nbsp;<\/div>\n<\/div>\n<div class=\"x14z9mp xat24cr x1lziwak x1vvkbs xtlvy1s x126k92a\">\n<div dir=\"auto\">Super spisali si\u0119 zawodnicy m\u0142odzie\u017cowi startuj\u0105cy na 4-!<\/div>\n<div dir=\"auto\">Bartek Socha, Bajorek \u0141ukasz, Miko\u0142aj Kot oraz Antoni Robi\u0144ski zaj\u0119li bardzo dobre 4 miejsce na 9 startuj\u0105cych osad. Jest to progres w stosunku do zesz\u0142ego roku, kiedy to uplasowali si\u0119 na 6tej pozycji! Super prognostyk przed M\u0142odzie\u017cowymi Mistrzostwami Polski .<\/div>\n<div dir=\"auto\">&nbsp;<\/div>\n<\/div>\n<div class=\"x14z9mp xat24cr x1lziwak x1vvkbs xtlvy1s x126k92a\">\n<div dir=\"auto\">Cieszymy si\u0119, \u017ce po wielu latach do naszego sk\u0142adu seniorskiego powr\u00f3ci\u0142a 8+ m\u0119ska: Konrad Siwek, Leon Domagalski, Franciszek Kazimierczuk, Miko\u0142aj Kot, Antoni Robi\u0144ski, \u0141ukasz Bajorek, Bartek Socha, \u0141ukasz Krajewski, S\u0142awomir Rojek, kt\u00f3ra zaj\u0119\u0142a bardzo dobre 6 miejsce! Ch\u0142opaki walczyli do ko\u0144ca i wida\u0107 by\u0142o, \u017ce nie dawali za wygran\u0105 do ostatnich metr\u00f3w!<\/div>\n<\/div>\n<div class=\"x14z9mp xat24cr x1lziwak x1vvkbs xtlvy1s x126k92a\">\n<div dir=\"auto\">&nbsp;<\/div>\n<div dir=\"auto\">Ju\u017c niebawem dw\u00f3ch naszych podopiecznych : Bartek Socha i Janek Dziedzic wezm\u0105 udzia\u0142 w konsultacjach m\u0142odzie\u017cowej kadry narodowej w Cos OPO Wa\u0142cz (10-15.06).<\/div>\n<\/div>\n<div class=\"x14z9mp xat24cr x1lziwak x1vvkbs xtlvy1s x126k92a\">\n<div dir=\"auto\">&nbsp;<\/div>\n<div dir=\"auto\">Gratulujemy udanych start\u00f3w i cieszymy si\u0119, \u017ce ro\u015bniemy!<\/div>\n<\/div>\n<div class=\"x14z9mp xat24cr x1lziwak x1vvkbs xtlvy1s x126k92a\">\n<div dir=\"auto\">Brawa dla ca\u0142ego Team&#8217;u !<\/div>\n<div dir=\"auto\">&nbsp;<\/div>\n<\/div>\n<div class=\"x14z9mp xat24cr x1lziwak x1vvkbs xtlvy1s x126k92a\">\n<div dir=\"auto\"><span class=\"html-span xexx8yu xyri2b x18d9i69 x1c1uobl x1hl2dhg x16tdsg8 x1vvkbs x3nfvp2 x1j61x8r x1fcty0u xdj266r xat24cr xm2jcoa x1mpyi22 xxymvpz xlup9mm x1kky2od\"><img loading=\"lazy\" decoding=\"async\" class=\"xz74otr x168nmei x13lgxp2 x5pf9jr xo71vjh\" src=\"https:\/\/static.xx.fbcdn.net\/images\/emoji.php\/v9\/t7d\/2\/16\/1f4f8.png\" alt=\"\ud83d\udcf8\" width=\"16\" height=\"16\"><\/span>&nbsp; zdj\u0119cia i relacja z zawod\u00f3w od trenera Krzysztofa Kali\u0144skiego<\/div>\n<\/div>\n<div dir=\"auto\">&nbsp;<\/div>\n<div dir=\"auto\"><a href=\"https:\/\/wpserwis.cfolks.pl\/r2\/wp-content\/uploads\/2025\/06\/503359015_18504302794016863_7145594092768202461_n.jpg\"><img loading=\"lazy\" decoding=\"async\" class=\"alignnone wp-image-35766 size-medium\" src=\"https:\/\/wpserwis.cfolks.pl\/r2\/wp-content\/uploads\/2025\/06\/503359015_18504302794016863_7145594092768202461_n-225x300.jpg\" alt=\"\" width=\"225\" height=\"300\"><\/a> <a href=\"https:\/\/wpserwis.cfolks.pl\/r2\/wp-content\/uploads\/2025\/06\/503500647_18504302803016863_289974705170837351_n.jpg\"><img loading=\"lazy\" decoding=\"async\" class=\"alignnone wp-image-35767 size-medium\" src=\"https:\/\/wpserwis.cfolks.pl\/r2\/wp-content\/uploads\/2025\/06\/503500647_18504302803016863_289974705170837351_n-226x300.jpg\" alt=\"\" width=\"226\" height=\"300\"><\/a> <a href=\"https:\/\/wpserwis.cfolks.pl\/r2\/wp-content\/uploads\/2025\/06\/503570949_18504302812016863_934505884600538681_n.jpg\"><img loading=\"lazy\" decoding=\"async\" class=\"alignnone wp-image-35768 size-medium\" src=\"https:\/\/wpserwis.cfolks.pl\/r2\/wp-content\/uploads\/2025\/06\/503570949_18504302812016863_934505884600538681_n-226x300.jpg\" alt=\"\" width=\"226\" height=\"300\"><\/a> <a href=\"https:\/\/wpserwis.cfolks.pl\/r2\/wp-content\/uploads\/2025\/06\/503591820_18504302821016863_3854838860479008325_n.jpg\"><img loading=\"lazy\" decoding=\"async\" class=\"alignnone wp-image-35769 size-medium\" src=\"https:\/\/wpserwis.cfolks.pl\/r2\/wp-content\/uploads\/2025\/06\/503591820_18504302821016863_3854838860479008325_n-226x300.jpg\" alt=\"\" width=\"226\" height=\"300\"><\/a> <a href=\"https:\/\/wpserwis.cfolks.pl\/r2\/wp-content\/uploads\/2025\/06\/504094909_18504302791016863_1148876107120446554_n.jpg\"><img loading=\"lazy\" decoding=\"async\" class=\"alignnone wp-image-35770 size-medium\" src=\"https:\/\/wpserwis.cfolks.pl\/r2\/wp-content\/uploads\/2025\/06\/504094909_18504302791016863_1148876107120446554_n-225x300.jpg\" alt=\"\" width=\"225\" height=\"300\"><\/a> <a href=\"https:\/\/wpserwis.cfolks.pl\/r2\/wp-content\/uploads\/2025\/06\/Zrzut-ekranu-2025-06-9-o-12.25.56.png\"><img loading=\"lazy\" decoding=\"async\" class=\"alignnone wp-image-35771 size-medium\" src=\"https:\/\/wpserwis.cfolks.pl\/r2\/wp-content\/uploads\/2025\/06\/Zrzut-ekranu-2025-06-9-o-12.25.56-232x300.png\" alt=\"\" width=\"232\" height=\"300\"><\/a><\/div>\n<div dir=\"auto\">&nbsp;<\/div>\n<div dir=\"auto\">&nbsp;<\/div>\n<div dir=\"auto\">.<\/div>\n","protected":false},"excerpt":{"rendered":"<p>Mistrzostwa Polski Senior\u00f3w w Kruszwicy za Nami. W kategorii Senior w Mistrzostwach Polski wzi\u0119\u0142y udzia\u0142 3 m\u0119skie osady WTW Warszawa. Nasza mistrzowska dw\u00f3jka w sk\u0142adzie: Piotr P\u0142omi\u0144ski oraz Konrad Doma\u0144ski zaj\u0119\u0142a drugie miejsce,&nbsp;tu\u017c za osad\u0105 z AZS AWF Warszawa Dominikiem Czaj\u0105 i Cezarym Litk\u0105. &nbsp; Super spisali si\u0119 zawodnicy m\u0142odzie\u017cowi startuj\u0105cy na 4-! Bartek Socha, [&hellip;]<\/p>\n","protected":false},"author":1,"featured_media":35766,"comment_status":"closed","ping_status":"closed","sticky":false,"template":"","format":"standard","meta":{"_acf_changed":false,"footnotes":""},"categories":[1],"tags":[],"class_list":["post-35765","post","type-post","status-publish","format-standard","has-post-thumbnail","hentry","category-bez-kategorii"],"acf":[],"_links":{"self":[{"href":"https:\/\/wpserwis.cfolks.pl\/r2\/wp-json\/wp\/v2\/posts\/35765","targetHints":{"allow":["GET"]}}],"collection":[{"href":"https:\/\/wpserwis.cfolks.pl\/r2\/wp-json\/wp\/v2\/posts"}],"about":[{"href":"https:\/\/wpserwis.cfolks.pl\/r2\/wp-json\/wp\/v2\/types\/post"}],"author":[{"embeddable":true,"href":"https:\/\/wpserwis.cfolks.pl\/r2\/wp-json\/wp\/v2\/users\/1"}],"replies":[{"embeddable":true,"href":"https:\/\/wpserwis.cfolks.pl\/r2\/wp-json\/wp\/v2\/comments?post=35765"}],"version-history":[{"count":0,"href":"https:\/\/wpserwis.cfolks.pl\/r2\/wp-json\/wp\/v2\/posts\/35765\/revisions"}],"wp:featuredmedia":[{"embeddable":true,"href":"https:\/\/wpserwis.cfolks.pl\/r2\/wp-json\/"}],"wp:attachment":[{"href":"https:\/\/wpserwis.cfolks.pl\/r2\/wp-json\/wp\/v2\/media?parent=35765"}],"wp:term":[{"taxonomy":"category","embeddable":true,"href":"https:\/\/wpserwis.cfolks.pl\/r2\/wp-json\/wp\/v2\/categories?post=35765"},{"taxonomy":"post_tag","embeddable":true,"href":"https:\/\/wpserwis.cfolks.pl\/r2\/wp-json\/wp\/v2\/tags?post=35765"}],"curies":[{"name":"wp","href":"https:\/\/api.w.org\/{rel}","templated":true}]}}