{"id":35821,"date":"2025-06-16T15:08:06","date_gmt":"2025-06-16T13:08:06","guid":{"rendered":"https:\/\/wtw.waw.pl\/?p=35821"},"modified":"2025-06-16T15:08:06","modified_gmt":"2025-06-16T13:08:06","slug":"pelnosprawni-zorganizowalismy-pierwsza-taka-impreze","status":"publish","type":"post","link":"https:\/\/wpserwis.cfolks.pl\/r2\/pelnosprawni-zorganizowalismy-pierwsza-taka-impreze\/","title":{"rendered":"&#8222;PE\u0141NOSPRAWNI&#8221; &#8211; ZORGANIZOWALI\u015aMY PIERWSZ\u0104 TAK\u0104 IMPREZ\u0118"},"content":{"rendered":"<div class=\"xdj266r x14z9mp xat24cr x1lziwak x1vvkbs x126k92a\">\n<div dir=\"auto\">Ogromny sukces pierwszej w historii WTW imprezy sportowej dla os\u00f3b z niepe\u0142nosprawno\u015bciami.<\/div>\n<div dir=\"auto\">&nbsp;<\/div>\n<\/div>\n<div class=\"x14z9mp xat24cr x1lziwak x1vvkbs xtlvy1s x126k92a\">\n<div dir=\"auto\">W sobot\u0119, 14.06 oko\u0142o godziny 10.00 w OSW Wio\u015blarska 6 Marcin Brzezi\u0144ski \u2013 Wiceprezes Zarz\u0105du WTW powita\u0142 uczestnik\u00f3w pierwszej w historii WTW imprezy sportowej dla os\u00f3b z niepe\u0142nosprawno\u015bciami.<\/div>\n<div dir=\"auto\">&nbsp;<\/div>\n<div dir=\"auto\">Uczestnicy przebrani w specjalnie zaprojektowane koszulki odbyli trening og\u00f3lnorozwojowy na si\u0142owni oraz przyspieszony kurs wio\u015blarstwa na ergometrach pod okiem naszych wykwalifikowanych trener\u00f3w Marii Wierzbowskiej, Sylwii Li\u015bkiewicz, Miko\u0142aja Kota oraz Marcina Brzezi\u0144skiego. Po chwili przerwy na uzupe\u0142nienie si\u0142, p\u0142yn\u00f3w oraz kalorii rozpocz\u0119\u0142a si\u0119 najbardziej wyczekiwana cz\u0119\u015b\u0107 imprezy tj. zawody na ergometrach wio\u015blarskich. Przeprowadzone zosta\u0142y w 4 kategoriach \u2013 kobiety z niepe\u0142nosprawno\u015bciami, m\u0119\u017cczy\u017ani z niepe\u0142nosprawno\u015bciami, kobiety opiekunowie oraz m\u0119\u017cczy\u017ani opiekunowie. Emocji nie brakowa\u0142o, a ha\u0142as p\u0142yn\u0105cy z kibicowania ni\u00f3s\u0142 si\u0119 po ca\u0142ej Wi\u015ble. Aby doceni\u0107 wysi\u0142ek i zaanga\u017cowanie, wszyscy startuj\u0105cy otrzymali pami\u0105tkowe medale. Po zako\u0144czeniu zmaga\u0144 og\u0142oszono oficjalne wyniki oraz uhonorowano zwyci\u0119zc\u00f3w okoliczno\u015bciowymi pucharami oraz nagrodami rzeczowymi. Na zako\u0144czenie imprezy ch\u0119tne osoby mog\u0142y spr\u00f3bowa\u0107 swoich si\u0142 na basenie wio\u015blarskim.<\/div>\n<\/div>\n<div class=\"x14z9mp xat24cr x1lziwak x1vvkbs xtlvy1s x126k92a\">\n<div dir=\"auto\">Widz\u0105c zadowolenie na twarzach uczestnik\u00f3w jeste\u015bmy pewni, \u017ce by\u0142a to pierwsza i na pewno nie ostatnia w historii WTW impreza dla os\u00f3b z niepe\u0142nosprawno\u015bciami.<\/div>\n<div dir=\"auto\">&nbsp;<\/div>\n<div dir=\"auto\">Nale\u017cy podkre\u015bli\u0107, \u017ce w wydarzeniu brali udzia\u0142 uczestnicy z bardzo zr\u00f3\u017cnicowanymi rodzajami niepe\u0142nosprawno\u015bci oraz w r\u00f3\u017cnym wieku i wszyscy si\u0119 \u015bwietnie odnale\u017ali oraz bawili.<\/div>\n<\/div>\n<div class=\"x14z9mp xat24cr x1lziwak x1vvkbs xtlvy1s x126k92a\">\n<div dir=\"auto\">&nbsp;<\/div>\n<div dir=\"auto\">Impreza by\u0142a wsp\u00f3\u0142finansowana przez Ministerstwo Sportu i Turystyki w ramach Programu Upowszechniania sportu os\u00f3b z niepe\u0142nosprawno\u015bciami 2025.<\/div>\n<\/div>\n<div dir=\"auto\">&nbsp;<\/div>\n<div dir=\"auto\"><a href=\"https:\/\/wpserwis.cfolks.pl\/r2\/wp-content\/uploads\/2025\/06\/504155377_18505711786016863_3080146006238009935_n.jpg\"><img loading=\"lazy\" decoding=\"async\" class=\"alignnone wp-image-35822 size-medium\" src=\"https:\/\/wpserwis.cfolks.pl\/r2\/wp-content\/uploads\/2025\/06\/504155377_18505711786016863_3080146006238009935_n-225x300.jpg\" alt=\"\" width=\"225\" height=\"300\"><\/a> <a href=\"https:\/\/wpserwis.cfolks.pl\/r2\/wp-content\/uploads\/2025\/06\/504195108_18505711729016863_4672194488739975102_n.jpg\"><img loading=\"lazy\" decoding=\"async\" class=\"alignnone wp-image-35823 size-medium\" src=\"https:\/\/wpserwis.cfolks.pl\/r2\/wp-content\/uploads\/2025\/06\/504195108_18505711729016863_4672194488739975102_n-225x300.jpg\" alt=\"\" width=\"225\" height=\"300\"><\/a> <a href=\"https:\/\/wpserwis.cfolks.pl\/r2\/wp-content\/uploads\/2025\/06\/504395924_18505711816016863_775590282589588317_n.jpg\"><img loading=\"lazy\" decoding=\"async\" class=\"alignnone wp-image-35824 size-medium\" src=\"https:\/\/wpserwis.cfolks.pl\/r2\/wp-content\/uploads\/2025\/06\/504395924_18505711816016863_775590282589588317_n-225x300.jpg\" alt=\"\" width=\"225\" height=\"300\"><\/a> <a href=\"https:\/\/wpserwis.cfolks.pl\/r2\/wp-content\/uploads\/2025\/06\/504435292_18505711801016863_4576797016356704871_n.jpg\"><img loading=\"lazy\" decoding=\"async\" class=\"alignnone wp-image-35825 size-medium\" src=\"https:\/\/wpserwis.cfolks.pl\/r2\/wp-content\/uploads\/2025\/06\/504435292_18505711801016863_4576797016356704871_n-225x300.jpg\" alt=\"\" width=\"225\" height=\"300\"><\/a> <a href=\"https:\/\/wpserwis.cfolks.pl\/r2\/wp-content\/uploads\/2025\/06\/504465522_18505711771016863_7371482995793378109_n.jpg\"><img loading=\"lazy\" decoding=\"async\" class=\"alignnone wp-image-35826 size-medium\" src=\"https:\/\/wpserwis.cfolks.pl\/r2\/wp-content\/uploads\/2025\/06\/504465522_18505711771016863_7371482995793378109_n-225x300.jpg\" alt=\"\" width=\"225\" height=\"300\"><\/a> <a href=\"https:\/\/wpserwis.cfolks.pl\/r2\/wp-content\/uploads\/2025\/06\/504826119_18505711762016863_8663661211954185293_n.jpg\"><img loading=\"lazy\" decoding=\"async\" class=\"alignnone wp-image-35827 size-medium\" src=\"https:\/\/wpserwis.cfolks.pl\/r2\/wp-content\/uploads\/2025\/06\/504826119_18505711762016863_8663661211954185293_n-225x300.jpg\" alt=\"\" width=\"225\" height=\"300\"><\/a> <a href=\"https:\/\/wpserwis.cfolks.pl\/r2\/wp-content\/uploads\/2025\/06\/Zrzut-ekranu-2025-06-16-o-14.53.17.png\"><img loading=\"lazy\" decoding=\"async\" class=\"alignnone wp-image-35828 size-medium\" src=\"https:\/\/wpserwis.cfolks.pl\/r2\/wp-content\/uploads\/2025\/06\/Zrzut-ekranu-2025-06-16-o-14.53.17-248x300.png\" alt=\"\" width=\"248\" height=\"300\"><\/a><\/div>\n<div dir=\"auto\">&nbsp;<\/div>\n<div dir=\"auto\">&nbsp;<\/div>\n<div dir=\"auto\">.<\/div>\n","protected":false},"excerpt":{"rendered":"<p>Ogromny sukces pierwszej w historii WTW imprezy sportowej dla os\u00f3b z niepe\u0142nosprawno\u015bciami. &nbsp; W sobot\u0119, 14.06 oko\u0142o godziny 10.00 w OSW Wio\u015blarska 6 Marcin Brzezi\u0144ski \u2013 Wiceprezes Zarz\u0105du WTW powita\u0142 uczestnik\u00f3w pierwszej w historii WTW imprezy sportowej dla os\u00f3b z niepe\u0142nosprawno\u015bciami. &nbsp; Uczestnicy przebrani w specjalnie zaprojektowane koszulki odbyli trening og\u00f3lnorozwojowy na si\u0142owni oraz przyspieszony [&hellip;]<\/p>\n","protected":false},"author":1,"featured_media":35823,"comment_status":"closed","ping_status":"closed","sticky":false,"template":"","format":"standard","meta":{"_acf_changed":false,"footnotes":""},"categories":[1],"tags":[],"class_list":["post-35821","post","type-post","status-publish","format-standard","has-post-thumbnail","hentry","category-bez-kategorii"],"acf":[],"_links":{"self":[{"href":"https:\/\/wpserwis.cfolks.pl\/r2\/wp-json\/wp\/v2\/posts\/35821","targetHints":{"allow":["GET"]}}],"collection":[{"href":"https:\/\/wpserwis.cfolks.pl\/r2\/wp-json\/wp\/v2\/posts"}],"about":[{"href":"https:\/\/wpserwis.cfolks.pl\/r2\/wp-json\/wp\/v2\/types\/post"}],"author":[{"embeddable":true,"href":"https:\/\/wpserwis.cfolks.pl\/r2\/wp-json\/wp\/v2\/users\/1"}],"replies":[{"embeddable":true,"href":"https:\/\/wpserwis.cfolks.pl\/r2\/wp-json\/wp\/v2\/comments?post=35821"}],"version-history":[{"count":0,"href":"https:\/\/wpserwis.cfolks.pl\/r2\/wp-json\/wp\/v2\/posts\/35821\/revisions"}],"wp:featuredmedia":[{"embeddable":true,"href":"https:\/\/wpserwis.cfolks.pl\/r2\/wp-json\/"}],"wp:attachment":[{"href":"https:\/\/wpserwis.cfolks.pl\/r2\/wp-json\/wp\/v2\/media?parent=35821"}],"wp:term":[{"taxonomy":"category","embeddable":true,"href":"https:\/\/wpserwis.cfolks.pl\/r2\/wp-json\/wp\/v2\/categories?post=35821"},{"taxonomy":"post_tag","embeddable":true,"href":"https:\/\/wpserwis.cfolks.pl\/r2\/wp-json\/wp\/v2\/tags?post=35821"}],"curies":[{"name":"wp","href":"https:\/\/api.w.org\/{rel}","templated":true}]}}