{"id":35872,"date":"2025-06-28T10:22:22","date_gmt":"2025-06-28T08:22:22","guid":{"rendered":"https:\/\/wtw.waw.pl\/?p=35872"},"modified":"2025-06-28T10:22:22","modified_gmt":"2025-06-28T08:22:22","slug":"wizyta-na-zaproszenie-wiceburmistrzyni-dzielnicy-srodmiescie","status":"publish","type":"post","link":"https:\/\/wpserwis.cfolks.pl\/r2\/wizyta-na-zaproszenie-wiceburmistrzyni-dzielnicy-srodmiescie\/","title":{"rendered":"WIZYTA NA ZAPROSZENIE WICEBURMISTRZYNI DZIELNICY \u015aR\u00d3DMIE\u015aCIE"},"content":{"rendered":"<p><span class=\"x193iq5w xeuugli x13faqbe x1vvkbs xlh3980 xvmahel x1n0sxbx x1lliihq x1s928wv xhkezso x1gmr53x x1cpjm7i x1fgarty x1943h6x xudqn12 x3x7a5m x6prxxf xvq8zen xo1l8bm xzsf02u\" dir=\"auto\">W dniu dzisiejszym odby\u0142o si\u0119 niezwykle sympatyczne spotkanie, kt\u00f3rego inicjatorem by\u0142a Wiceburmistrzyni dzielnicy \u015ar\u00f3dmie\u015bcie Pani Magdalena Wojciechowska. Nasze Towarzystwo reprezentowa\u0142 Dyrektor Maciej \u015aliwi\u0144ski.<\/span><\/p>\n<p>Spotkanie dotyczy\u0142o wyr\u00f3\u017cnienia Tymoteusza Dudkowskiego, kt\u00f3ry w grudniu 2024r. podczas zawod\u00f3w fina\u0142owych Wio\u015blarskiego Tytana Warszawy, osi\u0105gn\u0105\u0142 rekordowy wynik &#8211; pierwszy raz w historii zawod\u00f3w, pokonuj\u0105c barier\u0119 dystansu 500 metr\u00f3w (w ci\u0105gu p\u00f3\u0142torej minuty).&nbsp;<\/p>\n<p><span class=\"x193iq5w xeuugli x13faqbe x1vvkbs xlh3980 xvmahel x1n0sxbx x1lliihq x1s928wv xhkezso x1gmr53x x1cpjm7i x1fgarty x1943h6x xudqn12 x3x7a5m x6prxxf xvq8zen xo1l8bm xzsf02u\" dir=\"auto\">Przypomnijmy, \u017ce w Tytanie startuje oko\u0142o 3000 warszawskich dzieci, a wynik Tymka by\u0142 najlepszym w historii tych zawod\u00f3w<span class=\"html-span xexx8yu xyri2b x18d9i69 x1c1uobl x1hl2dhg x16tdsg8 x1vvkbs x3nfvp2 x1j61x8r x1fcty0u xdj266r xat24cr xm2jcoa x1mpyi22 xxymvpz xlup9mm x1kky2od\">.<\/span><br class=\"html-br\">Poza tym, zdoby\u0142 6 miejsce w Mistrzostwach Mazowsza w Juniorach M\u0142odszych reprezentuj\u0105c nasze Towarzystwo.<br class=\"html-br\"><br class=\"html-br\"><br class=\"html-br\">Dzi\u0119kujemy za zaproszenie, a Tymkowi jeszcze raz gratulujemy!<\/span><\/p>\n<p>&nbsp;<\/p>\n<p>&nbsp;<\/p>\n<p>.<\/p>\n","protected":false},"excerpt":{"rendered":"<p>W dniu dzisiejszym odby\u0142o si\u0119 niezwykle sympatyczne spotkanie, kt\u00f3rego inicjatorem by\u0142a Wiceburmistrzyni dzielnicy \u015ar\u00f3dmie\u015bcie Pani Magdalena Wojciechowska. Nasze Towarzystwo reprezentowa\u0142 Dyrektor Maciej \u015aliwi\u0144ski. Spotkanie dotyczy\u0142o wyr\u00f3\u017cnienia Tymoteusza Dudkowskiego, kt\u00f3ry w grudniu 2024r. podczas zawod\u00f3w fina\u0142owych Wio\u015blarskiego Tytana Warszawy, osi\u0105gn\u0105\u0142 rekordowy wynik &#8211; pierwszy raz w historii zawod\u00f3w, pokonuj\u0105c barier\u0119 dystansu 500 metr\u00f3w (w ci\u0105gu p\u00f3\u0142torej [&hellip;]<\/p>\n","protected":false},"author":1,"featured_media":35873,"comment_status":"closed","ping_status":"closed","sticky":false,"template":"","format":"standard","meta":{"_acf_changed":false,"footnotes":""},"categories":[1],"tags":[],"class_list":["post-35872","post","type-post","status-publish","format-standard","has-post-thumbnail","hentry","category-bez-kategorii"],"acf":[],"_links":{"self":[{"href":"https:\/\/wpserwis.cfolks.pl\/r2\/wp-json\/wp\/v2\/posts\/35872","targetHints":{"allow":["GET"]}}],"collection":[{"href":"https:\/\/wpserwis.cfolks.pl\/r2\/wp-json\/wp\/v2\/posts"}],"about":[{"href":"https:\/\/wpserwis.cfolks.pl\/r2\/wp-json\/wp\/v2\/types\/post"}],"author":[{"embeddable":true,"href":"https:\/\/wpserwis.cfolks.pl\/r2\/wp-json\/wp\/v2\/users\/1"}],"replies":[{"embeddable":true,"href":"https:\/\/wpserwis.cfolks.pl\/r2\/wp-json\/wp\/v2\/comments?post=35872"}],"version-history":[{"count":0,"href":"https:\/\/wpserwis.cfolks.pl\/r2\/wp-json\/wp\/v2\/posts\/35872\/revisions"}],"wp:featuredmedia":[{"embeddable":true,"href":"https:\/\/wpserwis.cfolks.pl\/r2\/wp-json\/"}],"wp:attachment":[{"href":"https:\/\/wpserwis.cfolks.pl\/r2\/wp-json\/wp\/v2\/media?parent=35872"}],"wp:term":[{"taxonomy":"category","embeddable":true,"href":"https:\/\/wpserwis.cfolks.pl\/r2\/wp-json\/wp\/v2\/categories?post=35872"},{"taxonomy":"post_tag","embeddable":true,"href":"https:\/\/wpserwis.cfolks.pl\/r2\/wp-json\/wp\/v2\/tags?post=35872"}],"curies":[{"name":"wp","href":"https:\/\/api.w.org\/{rel}","templated":true}]}}