{"id":35882,"date":"2025-06-25T18:33:34","date_gmt":"2025-06-25T16:33:34","guid":{"rendered":"https:\/\/wtw.waw.pl\/?p=35882"},"modified":"2025-06-25T18:33:34","modified_gmt":"2025-06-25T16:33:34","slug":"zaczynamy-zgrupowania-letnie-w-mikorzynie","status":"publish","type":"post","link":"https:\/\/wpserwis.cfolks.pl\/r2\/zaczynamy-zgrupowania-letnie-w-mikorzynie\/","title":{"rendered":"ZACZYNAMY ZGRUPOWANIA LETNIE W MIKORZYNIE"},"content":{"rendered":"<div class=\"xdj266r x14z9mp xat24cr x1lziwak x1vvkbs x126k92a\">\n<div dir=\"auto\">Ju\u017c za dwa dni nasi Juniorzy i M\u0142odzicy wyjad\u0105 na ob\u00f3z przygotowawczy do ulubionego przez wszystkich Mikorzyna .<\/div>\n<div dir=\"auto\">&nbsp;<\/div>\n<div dir=\"auto\">Ob\u00f3z letni zako\u0144czy si\u0119 startem na Enea Mistrzostwach Polski Junior\u00f3w i M\u0142odzik\u00f3w w Kruszwicy (11-13.07).<\/div>\n<div dir=\"auto\">&nbsp;<\/div>\n<div dir=\"auto\">Nast\u0119pnie na ob\u00f3z pojad\u0105 zawodnicy grupy M\u0142odzie\u017cowej i Junior\u00f3w M\u0142odszych, a ich ob\u00f3z zako\u0144czy si\u0119 startem w Enea Mistrzostwach Polski M\u0142odzie\u017cowych i Og\u00f3lnopolskiej Olimpiadzie M\u0142odzie\u017cy (31.07-03.08) w Poznaniu .<\/div>\n<div dir=\"auto\">&nbsp;<\/div>\n<\/div>\n<div class=\"x14z9mp xat24cr x1lziwak x1vvkbs xtlvy1s x126k92a\">\n<div dir=\"auto\">Czekajcie na wakacyjne relacje prosto z jeziora Mikorzy\u0144skiego i \u015alesi\u0144skiego .<\/div>\n<\/div>\n<div class=\"x14z9mp xat24cr x1lziwak x1vvkbs xtlvy1s x126k92a\">\n<div dir=\"auto\">&nbsp;<\/div>\n<div dir=\"auto\">STAY TUNED&nbsp;<\/div>\n<div dir=\"auto\">&nbsp;<\/div>\n<\/div>\n<div class=\"x14z9mp xat24cr x1lziwak x1vvkbs xtlvy1s x126k92a\">\n<div dir=\"auto\">Ps. Zdj\u0119cie naszej juniorskiej \u00f3semki z tegorocznych zawod\u00f3w Warsaw Head<\/div>\n<\/div>\n","protected":false},"excerpt":{"rendered":"<p>Ju\u017c za dwa dni nasi Juniorzy i M\u0142odzicy wyjad\u0105 na ob\u00f3z przygotowawczy do ulubionego przez wszystkich Mikorzyna . &nbsp; Ob\u00f3z letni zako\u0144czy si\u0119 startem na Enea Mistrzostwach Polski Junior\u00f3w i M\u0142odzik\u00f3w w Kruszwicy (11-13.07). &nbsp; Nast\u0119pnie na ob\u00f3z pojad\u0105 zawodnicy grupy M\u0142odzie\u017cowej i Junior\u00f3w M\u0142odszych, a ich ob\u00f3z zako\u0144czy si\u0119 startem w Enea Mistrzostwach Polski [&hellip;]<\/p>\n","protected":false},"author":1,"featured_media":35883,"comment_status":"closed","ping_status":"closed","sticky":false,"template":"","format":"standard","meta":{"_acf_changed":false,"footnotes":""},"categories":[1],"tags":[],"class_list":["post-35882","post","type-post","status-publish","format-standard","has-post-thumbnail","hentry","category-bez-kategorii"],"acf":[],"_links":{"self":[{"href":"https:\/\/wpserwis.cfolks.pl\/r2\/wp-json\/wp\/v2\/posts\/35882","targetHints":{"allow":["GET"]}}],"collection":[{"href":"https:\/\/wpserwis.cfolks.pl\/r2\/wp-json\/wp\/v2\/posts"}],"about":[{"href":"https:\/\/wpserwis.cfolks.pl\/r2\/wp-json\/wp\/v2\/types\/post"}],"author":[{"embeddable":true,"href":"https:\/\/wpserwis.cfolks.pl\/r2\/wp-json\/wp\/v2\/users\/1"}],"replies":[{"embeddable":true,"href":"https:\/\/wpserwis.cfolks.pl\/r2\/wp-json\/wp\/v2\/comments?post=35882"}],"version-history":[{"count":0,"href":"https:\/\/wpserwis.cfolks.pl\/r2\/wp-json\/wp\/v2\/posts\/35882\/revisions"}],"wp:featuredmedia":[{"embeddable":true,"href":"https:\/\/wpserwis.cfolks.pl\/r2\/wp-json\/"}],"wp:attachment":[{"href":"https:\/\/wpserwis.cfolks.pl\/r2\/wp-json\/wp\/v2\/media?parent=35882"}],"wp:term":[{"taxonomy":"category","embeddable":true,"href":"https:\/\/wpserwis.cfolks.pl\/r2\/wp-json\/wp\/v2\/categories?post=35882"},{"taxonomy":"post_tag","embeddable":true,"href":"https:\/\/wpserwis.cfolks.pl\/r2\/wp-json\/wp\/v2\/tags?post=35882"}],"curies":[{"name":"wp","href":"https:\/\/api.w.org\/{rel}","templated":true}]}}