{"id":35892,"date":"2025-07-21T10:52:51","date_gmt":"2025-07-21T08:52:51","guid":{"rendered":"https:\/\/wtw.waw.pl\/?p=35892"},"modified":"2025-07-21T10:52:51","modified_gmt":"2025-07-21T08:52:51","slug":"mistrzostwa-polski-juniorow-i-mlodzikow-zlota-czworka-chlopcow","status":"publish","type":"post","link":"https:\/\/wpserwis.cfolks.pl\/r2\/mistrzostwa-polski-juniorow-i-mlodzikow-zlota-czworka-chlopcow\/","title":{"rendered":"MISTRZOSTWA POLSKI JUNIOR\u00d3W I M\u0141ODZIK\u00d3W &#8211; Z\u0141OTA CZW\u00d3RKA CH\u0141OPC\u00d3W"},"content":{"rendered":"<div class=\"xdj266r x14z9mp xat24cr x1lziwak x1vvkbs x126k92a\">\n<div dir=\"auto\">Zako\u0144czy\u0142y si\u0119 Enea Mistrzostwa Polski Junior\u00f3w i M\u0142odzik\u00f3w A w Kruszwicy!<\/div>\n<div dir=\"auto\">&nbsp;<\/div>\n<\/div>\n<div class=\"x14z9mp xat24cr x1lziwak x1vvkbs xtlvy1s x126k92a\">\n<div dir=\"auto\">Najlepiej z naszych m\u0142odych zawodnik\u00f3w spisa\u0142a si\u0119 osada m\u0142odzik\u00f3w 4x+CH w sk\u0142adzie: Tadeusz W\u00f3jtowicz, Miko\u0142aj Chojnacki, Aleksander Malski i Kazimierz Bienias.<\/div>\n<div dir=\"auto\">Zawodnicy byli bezkonkurencyjni i potwierdzili \u015bwietn\u0105 form\u0119 z regat Centralnych gdzie te\u017c zwyci\u0119\u017cyli! .<\/div>\n<div dir=\"auto\">&nbsp;<\/div>\n<\/div>\n<div class=\"x14z9mp xat24cr x1lziwak x1vvkbs xtlvy1s x126k92a\">\n<div dir=\"auto\">Osada 2xCH w sk\u0142adzie: Steczowicz Jakub i German J\u00f3zef zaj\u0119li 3 miejsce w Finale B<\/div>\n<\/div>\n<div class=\"x14z9mp xat24cr x1lziwak x1vvkbs xtlvy1s x126k92a\">\n<div dir=\"auto\">1xCH \u017burawski Karol zaj\u0105\u0142 2 miejsce z finale C<\/div>\n<\/div>\n<div class=\"x14z9mp xat24cr x1lziwak x1vvkbs xtlvy1s x126k92a\">\n<div dir=\"auto\">2xDZ Skowron Maja i Kasprzak Hanna wygra\u0142y Fina\u0142 B (zaledwie po p\u00f3\u0142 roku trenowania)<\/div>\n<\/div>\n<div class=\"x14z9mp xat24cr x1lziwak x1vvkbs xtlvy1s x126k92a\">\n<div dir=\"auto\">&nbsp;<\/div>\n<div dir=\"auto\">Z osad Juniorskich:<\/div>\n<\/div>\n<div class=\"x14z9mp xat24cr x1lziwak x1vvkbs xtlvy1s x126k92a\">\n<div dir=\"auto\">4+KJ w sk\u0142adzie: Pu\u017a Natalia, P\u0142o\u017ca\u0144ska Helena, Farrell El\u017cbieta, \u017bytomirska Pola, Pietkiewicz Laura zaj\u0119\u0142y 5 miejsce w finale A<\/div>\n<\/div>\n<div class=\"x14z9mp xat24cr x1lziwak x1vvkbs xtlvy1s x126k92a\">\n<div dir=\"auto\">4-KJ osada zaj\u0119\u0142a 2 miejsce w Finale B<\/div>\n<\/div>\n<div class=\"x14z9mp xat24cr x1lziwak x1vvkbs xtlvy1s x126k92a\">\n<div dir=\"auto\">2-MJ Piotr Perl i Boris Bieliaiev zaj\u0119li dobre 5 miejsce w finale A<\/div>\n<\/div>\n<div class=\"x14z9mp xat24cr x1lziwak x1vvkbs xtlvy1s x126k92a\">\n<div dir=\"auto\">4-MJ Piotr Perl, Matusiak Bartosz, Kusiak Micha\u0142, Boris Bieliaiev wygra\u0142a fina\u0142 B<\/div>\n<\/div>\n<div class=\"x14z9mp xat24cr x1lziwak x1vvkbs xtlvy1s x126k92a\">\n<div dir=\"auto\">8+MJ Zatorski Alan, K\u0105dziela Roch, Antoniuk Anatolii, Dylak Przemys\u0142aw, O\u017cy\u0144ski Stanis\u0142aw, Matusiak Bartosz, Kusiak Micha\u0142, Zlenko Mikhail, \u017burawski Karol zaj\u0119li 5 miejsce w finale A<\/div>\n<\/div>\n<div class=\"x14z9mp xat24cr x1lziwak x1vvkbs xtlvy1s x126k92a\">\n<div dir=\"auto\">&nbsp;<\/div>\n<div dir=\"auto\">Trener Koordynator Dominik Brodziak podsumowuje regaty jako dobry prognostyk przed kolejnym sezonem! Cieszy \u015bwietna postawa M\u0142odzik\u00f3w, kt\u00f3rzy w wi\u0119kszo\u015bci b\u0119d\u0105 kolejny rok startowa\u0107 w tej kategorii wiekowej oraz odbudowanie grupy Juniorskiej. Pami\u0119tajmy, \u017ce w zesz\u0142ym roku mieli\u015bmy w tej kategorii jedn\u0105 osad\u0119. Wielkie gratulacje dla wszystkich zawodnik\u00f3w i ich trener\u00f3w! Teraz zas\u0142u\u017cone WAKACJE .<\/div>\n<\/div>\n<div dir=\"auto\">&nbsp;<\/div>\n<div dir=\"auto\"><a href=\"https:\/\/wpserwis.cfolks.pl\/r2\/wp-content\/uploads\/2025\/07\/520527650_18510909442016863_3433279380614457588_n.jpg\"><img loading=\"lazy\" decoding=\"async\" class=\"alignnone wp-image-35893 size-medium\" src=\"https:\/\/wpserwis.cfolks.pl\/r2\/wp-content\/uploads\/2025\/07\/520527650_18510909442016863_3433279380614457588_n-263x300.jpg\" alt=\"\" width=\"263\" height=\"300\"><\/a> <a href=\"https:\/\/wpserwis.cfolks.pl\/r2\/wp-content\/uploads\/2025\/07\/519421578_18510909451016863_1500003916300479973_n.jpg\"><img loading=\"lazy\" decoding=\"async\" class=\"alignnone wp-image-35894 size-medium\" src=\"https:\/\/wpserwis.cfolks.pl\/r2\/wp-content\/uploads\/2025\/07\/519421578_18510909451016863_1500003916300479973_n-263x300.jpg\" alt=\"\" width=\"263\" height=\"300\"><\/a> <a href=\"https:\/\/wpserwis.cfolks.pl\/r2\/wp-content\/uploads\/2025\/07\/518465914_18510909469016863_8832476254261425123_n.jpg\"><img loading=\"lazy\" decoding=\"async\" class=\"alignnone wp-image-35895 size-medium\" src=\"https:\/\/wpserwis.cfolks.pl\/r2\/wp-content\/uploads\/2025\/07\/518465914_18510909469016863_8832476254261425123_n-263x300.jpg\" alt=\"\" width=\"263\" height=\"300\"><\/a> <a href=\"https:\/\/wpserwis.cfolks.pl\/r2\/wp-content\/uploads\/2025\/07\/518178478_18510909466016863_6562215336135812788_n.jpg\"><img loading=\"lazy\" decoding=\"async\" class=\"alignnone wp-image-35896 size-medium\" src=\"https:\/\/wpserwis.cfolks.pl\/r2\/wp-content\/uploads\/2025\/07\/518178478_18510909466016863_6562215336135812788_n-263x300.jpg\" alt=\"\" width=\"263\" height=\"300\"><\/a><\/div>\n<div dir=\"auto\">&nbsp;<\/div>\n<div dir=\"auto\">&nbsp;<\/div>\n<div dir=\"auto\">.<\/div>\n<div dir=\"auto\">&nbsp;<\/div>\n","protected":false},"excerpt":{"rendered":"<p>Zako\u0144czy\u0142y si\u0119 Enea Mistrzostwa Polski Junior\u00f3w i M\u0142odzik\u00f3w A w Kruszwicy! &nbsp; Najlepiej z naszych m\u0142odych zawodnik\u00f3w spisa\u0142a si\u0119 osada m\u0142odzik\u00f3w 4x+CH w sk\u0142adzie: Tadeusz W\u00f3jtowicz, Miko\u0142aj Chojnacki, Aleksander Malski i Kazimierz Bienias. Zawodnicy byli bezkonkurencyjni i potwierdzili \u015bwietn\u0105 form\u0119 z regat Centralnych gdzie te\u017c zwyci\u0119\u017cyli! . &nbsp; Osada 2xCH w sk\u0142adzie: Steczowicz Jakub i [&hellip;]<\/p>\n","protected":false},"author":1,"featured_media":35893,"comment_status":"closed","ping_status":"closed","sticky":false,"template":"","format":"standard","meta":{"_acf_changed":false,"footnotes":""},"categories":[1],"tags":[],"class_list":["post-35892","post","type-post","status-publish","format-standard","has-post-thumbnail","hentry","category-bez-kategorii"],"acf":[],"_links":{"self":[{"href":"https:\/\/wpserwis.cfolks.pl\/r2\/wp-json\/wp\/v2\/posts\/35892","targetHints":{"allow":["GET"]}}],"collection":[{"href":"https:\/\/wpserwis.cfolks.pl\/r2\/wp-json\/wp\/v2\/posts"}],"about":[{"href":"https:\/\/wpserwis.cfolks.pl\/r2\/wp-json\/wp\/v2\/types\/post"}],"author":[{"embeddable":true,"href":"https:\/\/wpserwis.cfolks.pl\/r2\/wp-json\/wp\/v2\/users\/1"}],"replies":[{"embeddable":true,"href":"https:\/\/wpserwis.cfolks.pl\/r2\/wp-json\/wp\/v2\/comments?post=35892"}],"version-history":[{"count":0,"href":"https:\/\/wpserwis.cfolks.pl\/r2\/wp-json\/wp\/v2\/posts\/35892\/revisions"}],"wp:featuredmedia":[{"embeddable":true,"href":"https:\/\/wpserwis.cfolks.pl\/r2\/wp-json\/"}],"wp:attachment":[{"href":"https:\/\/wpserwis.cfolks.pl\/r2\/wp-json\/wp\/v2\/media?parent=35892"}],"wp:term":[{"taxonomy":"category","embeddable":true,"href":"https:\/\/wpserwis.cfolks.pl\/r2\/wp-json\/wp\/v2\/categories?post=35892"},{"taxonomy":"post_tag","embeddable":true,"href":"https:\/\/wpserwis.cfolks.pl\/r2\/wp-json\/wp\/v2\/tags?post=35892"}],"curies":[{"name":"wp","href":"https:\/\/api.w.org\/{rel}","templated":true}]}}