{"id":35911,"date":"2025-07-21T11:45:14","date_gmt":"2025-07-21T09:45:14","guid":{"rendered":"https:\/\/wtw.waw.pl\/?p=35911"},"modified":"2025-07-21T11:45:14","modified_gmt":"2025-07-21T09:45:14","slug":"czworka-z-nominacjami-na-mlodziezowe-mistrzostwa-swiata","status":"publish","type":"post","link":"https:\/\/wpserwis.cfolks.pl\/r2\/czworka-z-nominacjami-na-mlodziezowe-mistrzostwa-swiata\/","title":{"rendered":"CZW\u00d3RKA Z NOMINACJAMI NA M\u0141ODZIE\u017bOWE MISTRZOSTWA \u015aWIATA"},"content":{"rendered":"<div class=\"xdj266r x14z9mp xat24cr x1lziwak x1vvkbs x126k92a\">\n<div dir=\"auto\">Nominacje na Mistrzostwa \u015awiata odebrane ! W miniony weekend w COS OPO Wa\u0142cz, odby\u0142a si\u0119 uroczysta ceremonia wr\u0119czenia nominacji, w kt\u00f3rej udzia\u0142 wzi\u0119li nasi zawodnicy wraz z trenerem klubowym Krzysztofem Kali\u0144skim.<\/div>\n<div dir=\"auto\">Mocno trzymamy kciuki za Miko\u0142aja, Antka, Janka i Bartka. Panowie pisz\u0105 histori\u0119: dawno nie mieli\u015bmy jako WTW ca\u0142ej osady w reprezentacji Polski.<\/div>\n<\/div>\n<div class=\"x14z9mp xat24cr x1lziwak x1vvkbs xtlvy1s x126k92a\">\n<div dir=\"auto\">M\u0142odzie\u017cowe Mistrzostwa \u015awiata rozpoczynaj\u0105 si\u0119 ju\u017c jutro w Poznaniu, a pierwszy start naszej klubowo\/reprezentacyjnej czw\u00f3rki bez sternika, zaplanowany jest na \u015brod\u0119 oko\u0142o godziny 17:45.<\/div>\n<\/div>\n<div class=\"x14z9mp xat24cr x1lziwak x1vvkbs xtlvy1s x126k92a\">\n<div dir=\"auto\">&nbsp;<\/div>\n<div dir=\"auto\">Trzymamy mocno kciuki !<\/div>\n<\/div>\n<div dir=\"auto\">&nbsp;<\/div>\n<div dir=\"auto\">&nbsp;<\/div>\n<div dir=\"auto\"><a href=\"https:\/\/wpserwis.cfolks.pl\/r2\/wp-content\/uploads\/2025\/07\/0db50534161d1d9ac6d153214d4dbf60-scaled.jpeg\"><img loading=\"lazy\" decoding=\"async\" class=\"alignnone wp-image-35912 size-medium\" src=\"https:\/\/wpserwis.cfolks.pl\/r2\/wp-content\/uploads\/2025\/07\/0db50534161d1d9ac6d153214d4dbf60-300x225.jpeg\" alt=\"\" width=\"300\" height=\"225\"><\/a> <a href=\"https:\/\/wpserwis.cfolks.pl\/r2\/wp-content\/uploads\/2025\/07\/0ED8DD29-BC63-4E9C-8AE9-FE8410705C3B.jpg\"><img loading=\"lazy\" decoding=\"async\" class=\"alignnone wp-image-35913 size-medium\" src=\"https:\/\/wpserwis.cfolks.pl\/r2\/wp-content\/uploads\/2025\/07\/0ED8DD29-BC63-4E9C-8AE9-FE8410705C3B-300x225.jpg\" alt=\"\" width=\"300\" height=\"225\"><\/a> <a href=\"https:\/\/wpserwis.cfolks.pl\/r2\/wp-content\/uploads\/2025\/07\/006ab055e0b2c9bfa4d5a6f5e9111708-scaled.jpeg\"><img loading=\"lazy\" decoding=\"async\" class=\"alignnone wp-image-35914 size-medium\" src=\"https:\/\/wpserwis.cfolks.pl\/r2\/wp-content\/uploads\/2025\/07\/006ab055e0b2c9bfa4d5a6f5e9111708-225x300.jpeg\" alt=\"\" width=\"225\" height=\"300\"><\/a> <a href=\"https:\/\/wpserwis.cfolks.pl\/r2\/wp-content\/uploads\/2025\/07\/6f09a5452a3732b5fac027bbe55e1cf9-scaled.jpeg\"><img loading=\"lazy\" decoding=\"async\" class=\"alignnone wp-image-35915 size-medium\" src=\"https:\/\/wpserwis.cfolks.pl\/r2\/wp-content\/uploads\/2025\/07\/6f09a5452a3732b5fac027bbe55e1cf9-225x300.jpeg\" alt=\"\" width=\"225\" height=\"300\"><\/a><\/div>\n<div dir=\"auto\">&nbsp;<\/div>\n<div dir=\"auto\">.<\/div>\n","protected":false},"excerpt":{"rendered":"<p>Nominacje na Mistrzostwa \u015awiata odebrane ! W miniony weekend w COS OPO Wa\u0142cz, odby\u0142a si\u0119 uroczysta ceremonia wr\u0119czenia nominacji, w kt\u00f3rej udzia\u0142 wzi\u0119li nasi zawodnicy wraz z trenerem klubowym Krzysztofem Kali\u0144skim. Mocno trzymamy kciuki za Miko\u0142aja, Antka, Janka i Bartka. Panowie pisz\u0105 histori\u0119: dawno nie mieli\u015bmy jako WTW ca\u0142ej osady w reprezentacji Polski. M\u0142odzie\u017cowe Mistrzostwa [&hellip;]<\/p>\n","protected":false},"author":1,"featured_media":35913,"comment_status":"closed","ping_status":"closed","sticky":false,"template":"","format":"standard","meta":{"_acf_changed":false,"footnotes":""},"categories":[1],"tags":[],"class_list":["post-35911","post","type-post","status-publish","format-standard","has-post-thumbnail","hentry","category-bez-kategorii"],"acf":[],"_links":{"self":[{"href":"https:\/\/wpserwis.cfolks.pl\/r2\/wp-json\/wp\/v2\/posts\/35911","targetHints":{"allow":["GET"]}}],"collection":[{"href":"https:\/\/wpserwis.cfolks.pl\/r2\/wp-json\/wp\/v2\/posts"}],"about":[{"href":"https:\/\/wpserwis.cfolks.pl\/r2\/wp-json\/wp\/v2\/types\/post"}],"author":[{"embeddable":true,"href":"https:\/\/wpserwis.cfolks.pl\/r2\/wp-json\/wp\/v2\/users\/1"}],"replies":[{"embeddable":true,"href":"https:\/\/wpserwis.cfolks.pl\/r2\/wp-json\/wp\/v2\/comments?post=35911"}],"version-history":[{"count":0,"href":"https:\/\/wpserwis.cfolks.pl\/r2\/wp-json\/wp\/v2\/posts\/35911\/revisions"}],"wp:featuredmedia":[{"embeddable":true,"href":"https:\/\/wpserwis.cfolks.pl\/r2\/wp-json\/"}],"wp:attachment":[{"href":"https:\/\/wpserwis.cfolks.pl\/r2\/wp-json\/wp\/v2\/media?parent=35911"}],"wp:term":[{"taxonomy":"category","embeddable":true,"href":"https:\/\/wpserwis.cfolks.pl\/r2\/wp-json\/wp\/v2\/categories?post=35911"},{"taxonomy":"post_tag","embeddable":true,"href":"https:\/\/wpserwis.cfolks.pl\/r2\/wp-json\/wp\/v2\/tags?post=35911"}],"curies":[{"name":"wp","href":"https:\/\/api.w.org\/{rel}","templated":true}]}}