{"id":36016,"date":"2025-07-28T09:29:48","date_gmt":"2025-07-28T07:29:48","guid":{"rendered":"https:\/\/wtw.waw.pl\/?p=36016"},"modified":"2025-07-28T09:29:48","modified_gmt":"2025-07-28T07:29:48","slug":"nasza-czworka-na-10-miejscu-mlodziezowych-mistrzostw-swiata","status":"publish","type":"post","link":"https:\/\/wpserwis.cfolks.pl\/r2\/nasza-czworka-na-10-miejscu-mlodziezowych-mistrzostw-swiata\/","title":{"rendered":"NASZA CZW\u00d3RKA NA 10 MIEJSCU M\u0141ODZIE\u017bOWYCH MISTRZOSTW \u015aWIATA"},"content":{"rendered":"<div class=\"xdj266r x14z9mp xat24cr x1lziwak x1vvkbs x126k92a\">\n<div dir=\"auto\">Nasza klubowo\/reprezentacyjna czw\u00f3rka bez sternika, zaj\u0119\u0142a 4 miejsce w Finale B M\u0142odzie\u017cowych Mistrzostw \u015awiata w Poznaniu.<\/div>\n<div dir=\"auto\">Finalnie nasi ch\u0142opcy, podopieczni klubowego Trenera Krzysztofa Kali\u0144skiego, zaj\u0119li 10 miejsce.<\/div>\n<\/div>\n<div dir=\"auto\">&nbsp;<\/div>\n<div dir=\"auto\">To by\u0142a niesamowita historia, od samego pomys\u0142u zg\u0142oszenia czw\u00f3rki z WTW na Mistrzostwa \u015awiata, poprzez spe\u0142nienie minimum wyznaczonego przez pion wyszkolenia Polskiego Zwi\u0105zku Towarzystw Wio\u015blarskich. Nast\u0119pnie ca\u0142a organizacja logistyki, w tak kr\u00f3tkim czasie, aby m\u00f3c dopingowa\u0107 Miko\u0142aja, Bartka, Janka i Antka na torze regatowym &#8222;Malta&#8221; w Poznaniu.<\/div>\n<div dir=\"auto\">&nbsp;<\/div>\n<div dir=\"auto\">Przedbieg pop\u0142yni\u0119ty pewnie, na drugim miejscu za osad\u0105 USA, co da\u0142o awans do p\u00f3\u0142fina\u0142u. W p\u00f3\u0142finale niestety ju\u017c ci\u0119\u017cary i sz\u00f3ste miejsce bez awansu do fina\u0142u A.<\/div>\n<div dir=\"auto\">Fina\u0142 B, zako\u0144czony czwartym miejscem. Tak w skr\u00f3cie wygl\u0105da\u0142y te mistrzostwa je\u017celi chodzi o starty naszych bohater\u00f3w.<\/div>\n<div dir=\"auto\">&nbsp;<\/div>\n<div dir=\"auto\">Przygoda, zebrane cenne do\u015bwiadczenie i optymizm na przysz\u0142o\u015b\u0107.<\/div>\n<div dir=\"auto\">&nbsp;<\/div>\n<div dir=\"auto\">Dzi\u0119ki ch\u0142opaki, fajnie by\u0142o Was ogl\u0105da\u0107 i dopingowa\u0107 !<\/div>\n<div dir=\"auto\">&nbsp;<\/div>\n<div dir=\"auto\">fot. Julia Kowaci\u0107.<\/div>\n<div dir=\"auto\">&nbsp;<\/div>\n<div class=\"xdj266r x14z9mp xat24cr x1lziwak x1vvkbs x126k92a\">\n<div dir=\"auto\">&nbsp;<\/div>\n<\/div>\n<div class=\"x14z9mp xat24cr x1lziwak x1vvkbs xtlvy1s x126k92a\">&nbsp;<\/div>\n<div class=\"x14z9mp xat24cr x1lziwak x1vvkbs xtlvy1s x126k92a\">\n<div dir=\"auto\"><a href=\"https:\/\/wpserwis.cfolks.pl\/r2\/wp-content\/uploads\/2025\/07\/523490552_18512778814016863_5823045821728135782_n.jpg\"><img loading=\"lazy\" decoding=\"async\" class=\"alignnone wp-image-36017 size-medium\" src=\"https:\/\/wpserwis.cfolks.pl\/r2\/wp-content\/uploads\/2025\/07\/523490552_18512778814016863_5823045821728135782_n-300x169.jpg\" alt=\"\" width=\"300\" height=\"169\"><\/a> <a href=\"https:\/\/wpserwis.cfolks.pl\/r2\/wp-content\/uploads\/2025\/07\/520536422_1151475683675951_1366792423320546947_n.jpg\"><img loading=\"lazy\" decoding=\"async\" class=\"alignnone wp-image-36019 size-medium\" src=\"https:\/\/wpserwis.cfolks.pl\/r2\/wp-content\/uploads\/2025\/07\/520536422_1151475683675951_1366792423320546947_n-300x300.jpg\" alt=\"\" width=\"300\" height=\"300\"><\/a> <a href=\"https:\/\/wpserwis.cfolks.pl\/r2\/wp-content\/uploads\/2025\/07\/519420978_1151475323675987_8980730880519980147_n.jpg\"><img loading=\"lazy\" decoding=\"async\" class=\"alignnone wp-image-36020 size-medium\" src=\"https:\/\/wpserwis.cfolks.pl\/r2\/wp-content\/uploads\/2025\/07\/519420978_1151475323675987_8980730880519980147_n-300x225.jpg\" alt=\"\" width=\"300\" height=\"225\"><\/a> <a href=\"https:\/\/wpserwis.cfolks.pl\/r2\/wp-content\/uploads\/2025\/07\/511540921_18512950906016863_6005458899905326780_n.jpg\"><img loading=\"lazy\" decoding=\"async\" class=\"alignnone wp-image-36021 size-medium\" src=\"https:\/\/wpserwis.cfolks.pl\/r2\/wp-content\/uploads\/2025\/07\/511540921_18512950906016863_6005458899905326780_n-244x300.jpg\" alt=\"\" width=\"244\" height=\"300\"><\/a><\/div>\n<\/div>\n<div dir=\"auto\">&nbsp;<\/div>\n<div dir=\"auto\">&nbsp;<\/div>\n<div dir=\"auto\">&nbsp;<\/div>\n<div dir=\"auto\">.<\/div>\n","protected":false},"excerpt":{"rendered":"<p>Nasza klubowo\/reprezentacyjna czw\u00f3rka bez sternika, zaj\u0119\u0142a 4 miejsce w Finale B M\u0142odzie\u017cowych Mistrzostw \u015awiata w Poznaniu. Finalnie nasi ch\u0142opcy, podopieczni klubowego Trenera Krzysztofa Kali\u0144skiego, zaj\u0119li 10 miejsce. &nbsp; To by\u0142a niesamowita historia, od samego pomys\u0142u zg\u0142oszenia czw\u00f3rki z WTW na Mistrzostwa \u015awiata, poprzez spe\u0142nienie minimum wyznaczonego przez pion wyszkolenia Polskiego Zwi\u0105zku Towarzystw Wio\u015blarskich. Nast\u0119pnie ca\u0142a [&hellip;]<\/p>\n","protected":false},"author":1,"featured_media":36018,"comment_status":"closed","ping_status":"closed","sticky":false,"template":"","format":"standard","meta":{"_acf_changed":false,"footnotes":""},"categories":[1],"tags":[],"class_list":["post-36016","post","type-post","status-publish","format-standard","has-post-thumbnail","hentry","category-bez-kategorii"],"acf":[],"_links":{"self":[{"href":"https:\/\/wpserwis.cfolks.pl\/r2\/wp-json\/wp\/v2\/posts\/36016","targetHints":{"allow":["GET"]}}],"collection":[{"href":"https:\/\/wpserwis.cfolks.pl\/r2\/wp-json\/wp\/v2\/posts"}],"about":[{"href":"https:\/\/wpserwis.cfolks.pl\/r2\/wp-json\/wp\/v2\/types\/post"}],"author":[{"embeddable":true,"href":"https:\/\/wpserwis.cfolks.pl\/r2\/wp-json\/wp\/v2\/users\/1"}],"replies":[{"embeddable":true,"href":"https:\/\/wpserwis.cfolks.pl\/r2\/wp-json\/wp\/v2\/comments?post=36016"}],"version-history":[{"count":0,"href":"https:\/\/wpserwis.cfolks.pl\/r2\/wp-json\/wp\/v2\/posts\/36016\/revisions"}],"wp:featuredmedia":[{"embeddable":true,"href":"https:\/\/wpserwis.cfolks.pl\/r2\/wp-json\/"}],"wp:attachment":[{"href":"https:\/\/wpserwis.cfolks.pl\/r2\/wp-json\/wp\/v2\/media?parent=36016"}],"wp:term":[{"taxonomy":"category","embeddable":true,"href":"https:\/\/wpserwis.cfolks.pl\/r2\/wp-json\/wp\/v2\/categories?post=36016"},{"taxonomy":"post_tag","embeddable":true,"href":"https:\/\/wpserwis.cfolks.pl\/r2\/wp-json\/wp\/v2\/tags?post=36016"}],"curies":[{"name":"wp","href":"https:\/\/api.w.org\/{rel}","templated":true}]}}