{"id":36828,"date":"2025-08-07T09:21:42","date_gmt":"2025-08-07T07:21:42","guid":{"rendered":"https:\/\/wtw.waw.pl\/?p=36828"},"modified":"2025-08-07T09:21:42","modified_gmt":"2025-08-07T07:21:42","slug":"brazowy-medal-franka-mularczyka-na-mlodziezowych-mistrzostwach-polski","status":"publish","type":"post","link":"https:\/\/wpserwis.cfolks.pl\/r2\/brazowy-medal-franka-mularczyka-na-mlodziezowych-mistrzostwach-polski\/","title":{"rendered":"BR\u0104ZOWY MEDAL FRANKA MULARCZYKA NA M\u0141ODZIE\u017bOWYCH MISTRZOSTWACH POLSKI"},"content":{"rendered":"<p><span class=\"x193iq5w xeuugli x13faqbe x1vvkbs xlh3980 xvmahel x1n0sxbx x1lliihq x1s928wv xhkezso x1gmr53x x1cpjm7i x1fgarty x1943h6x xudqn12 x3x7a5m x6prxxf xvq8zen xo1l8bm xzsf02u x1yc453h\" dir=\"auto\"><span class=\"html-span xexx8yu xyri2b x18d9i69 x1c1uobl x1hl2dhg x16tdsg8 x1vvkbs x3nfvp2 x1j61x8r x1fcty0u xdj266r xat24cr xm2jcoa x1mpyi22 xxymvpz xlup9mm x1kky2od\">Br\u0105zowy <\/span>medal na M\u0142odzie\u017cowych Mistrzostwach Polski Franciszka Mularczyka w kajakarstwie K1 na 500m . <\/span><\/p>\n<p><span class=\"x193iq5w xeuugli x13faqbe x1vvkbs xlh3980 xvmahel x1n0sxbx x1lliihq x1s928wv xhkezso x1gmr53x x1cpjm7i x1fgarty x1943h6x xudqn12 x3x7a5m x6prxxf xvq8zen xo1l8bm xzsf02u x1yc453h\" dir=\"auto\">Franek wystartowa\u0142 na 3 dystansach: 200m, 500m i 1000m\u2026i we na wszystkich dosta\u0142 si\u0119 do fina\u0142u A.<\/span><\/p>\n<p>To du\u017cy sukces warszawskiego kajakarstwa i oczywi\u015bcie naszego klubu. Po kilkunastu latach przerwy, znowu mamy medal Mistrzostw Polski.<\/p>\n<p>Frankowi i jego trenerowi Andrzejowi Drylowi, serdecznie gratulujemy.<\/p>\n<p>&nbsp;<\/p>\n<p><a href=\"https:\/\/wpserwis.cfolks.pl\/r2\/wp-content\/uploads\/2025\/08\/527080377_18514375330016863_1463607045351754663_n.jpg\"><img loading=\"lazy\" decoding=\"async\" class=\"alignnone wp-image-36829 size-medium\" src=\"https:\/\/wpserwis.cfolks.pl\/r2\/wp-content\/uploads\/2025\/08\/527080377_18514375330016863_1463607045351754663_n-231x300.jpg\" alt=\"\" width=\"231\" height=\"300\"><\/a> <a href=\"https:\/\/wpserwis.cfolks.pl\/r2\/wp-content\/uploads\/2025\/08\/527081087_18514375327016863_4180767568624302448_n.jpg\"><img loading=\"lazy\" decoding=\"async\" class=\"alignnone wp-image-36830 size-medium\" src=\"https:\/\/wpserwis.cfolks.pl\/r2\/wp-content\/uploads\/2025\/08\/527081087_18514375327016863_4180767568624302448_n-230x300.jpg\" alt=\"\" width=\"230\" height=\"300\"><\/a><\/p>\n<p>&nbsp;<\/p>\n<p>&nbsp;<\/p>\n<p>.<\/p>\n","protected":false},"excerpt":{"rendered":"<p>Br\u0105zowy medal na M\u0142odzie\u017cowych Mistrzostwach Polski Franciszka Mularczyka w kajakarstwie K1 na 500m . Franek wystartowa\u0142 na 3 dystansach: 200m, 500m i 1000m\u2026i we na wszystkich dosta\u0142 si\u0119 do fina\u0142u A. To du\u017cy sukces warszawskiego kajakarstwa i oczywi\u015bcie naszego klubu. Po kilkunastu latach przerwy, znowu mamy medal Mistrzostw Polski. Frankowi i jego trenerowi Andrzejowi Drylowi, [&hellip;]<\/p>\n","protected":false},"author":1,"featured_media":36831,"comment_status":"closed","ping_status":"closed","sticky":false,"template":"","format":"standard","meta":{"_acf_changed":false,"footnotes":""},"categories":[1],"tags":[],"class_list":["post-36828","post","type-post","status-publish","format-standard","has-post-thumbnail","hentry","category-bez-kategorii"],"acf":[],"_links":{"self":[{"href":"https:\/\/wpserwis.cfolks.pl\/r2\/wp-json\/wp\/v2\/posts\/36828","targetHints":{"allow":["GET"]}}],"collection":[{"href":"https:\/\/wpserwis.cfolks.pl\/r2\/wp-json\/wp\/v2\/posts"}],"about":[{"href":"https:\/\/wpserwis.cfolks.pl\/r2\/wp-json\/wp\/v2\/types\/post"}],"author":[{"embeddable":true,"href":"https:\/\/wpserwis.cfolks.pl\/r2\/wp-json\/wp\/v2\/users\/1"}],"replies":[{"embeddable":true,"href":"https:\/\/wpserwis.cfolks.pl\/r2\/wp-json\/wp\/v2\/comments?post=36828"}],"version-history":[{"count":0,"href":"https:\/\/wpserwis.cfolks.pl\/r2\/wp-json\/wp\/v2\/posts\/36828\/revisions"}],"wp:featuredmedia":[{"embeddable":true,"href":"https:\/\/wpserwis.cfolks.pl\/r2\/wp-json\/"}],"wp:attachment":[{"href":"https:\/\/wpserwis.cfolks.pl\/r2\/wp-json\/wp\/v2\/media?parent=36828"}],"wp:term":[{"taxonomy":"category","embeddable":true,"href":"https:\/\/wpserwis.cfolks.pl\/r2\/wp-json\/wp\/v2\/categories?post=36828"},{"taxonomy":"post_tag","embeddable":true,"href":"https:\/\/wpserwis.cfolks.pl\/r2\/wp-json\/wp\/v2\/tags?post=36828"}],"curies":[{"name":"wp","href":"https:\/\/api.w.org\/{rel}","templated":true}]}}