{"id":36985,"date":"2025-08-26T09:19:39","date_gmt":"2025-08-26T07:19:39","guid":{"rendered":"https:\/\/wtw.waw.pl\/?p=36985"},"modified":"2025-08-26T09:19:39","modified_gmt":"2025-08-26T07:19:39","slug":"zebranie-organizacyjne-sekcji-regatowej-wioslarskiej-01-09-godz-1500","status":"publish","type":"post","link":"https:\/\/wpserwis.cfolks.pl\/r2\/zebranie-organizacyjne-sekcji-regatowej-wioslarskiej-01-09-godz-1500\/","title":{"rendered":"ZEBRANIE ORGANIZACYJNE SEKCJI REGATOWEJ WIO\u015aLARSKIEJ &#8211; 01.09 godz. 15:00"},"content":{"rendered":"<p>Serdecznie zapraszamy wszystkich zawodnik\u00f3w Sekcji Regatowej Wio\u015blarskiej WTW Warszawa, na zebranie organizacyjne z trenerami.<\/p>\n<p>Spotkanie odb\u0119dzie si\u0119 w dniu 01.09 o godzinie 15:00 w siedzibie klubu przy ul. Wio\u015blarskiej 6 (parter, sala konferencyjna).<\/p>\n<p>&nbsp;<\/p>\n<p>&nbsp;<\/p>\n<p>&nbsp;<\/p>\n<p>&nbsp;<\/p>\n<p>&nbsp;<\/p>\n<p>.<\/p>\n","protected":false},"excerpt":{"rendered":"<p>Serdecznie zapraszamy wszystkich zawodnik\u00f3w Sekcji Regatowej Wio\u015blarskiej WTW Warszawa, na zebranie organizacyjne z trenerami. Spotkanie odb\u0119dzie si\u0119 w dniu 01.09 o godzinie 15:00 w siedzibie klubu przy ul. Wio\u015blarskiej 6 (parter, sala konferencyjna). &nbsp; &nbsp; &nbsp; &nbsp; &nbsp; .<\/p>\n","protected":false},"author":1,"featured_media":36986,"comment_status":"closed","ping_status":"closed","sticky":false,"template":"","format":"standard","meta":{"_acf_changed":false,"footnotes":""},"categories":[1],"tags":[],"class_list":["post-36985","post","type-post","status-publish","format-standard","has-post-thumbnail","hentry","category-bez-kategorii"],"acf":[],"_links":{"self":[{"href":"https:\/\/wpserwis.cfolks.pl\/r2\/wp-json\/wp\/v2\/posts\/36985","targetHints":{"allow":["GET"]}}],"collection":[{"href":"https:\/\/wpserwis.cfolks.pl\/r2\/wp-json\/wp\/v2\/posts"}],"about":[{"href":"https:\/\/wpserwis.cfolks.pl\/r2\/wp-json\/wp\/v2\/types\/post"}],"author":[{"embeddable":true,"href":"https:\/\/wpserwis.cfolks.pl\/r2\/wp-json\/wp\/v2\/users\/1"}],"replies":[{"embeddable":true,"href":"https:\/\/wpserwis.cfolks.pl\/r2\/wp-json\/wp\/v2\/comments?post=36985"}],"version-history":[{"count":0,"href":"https:\/\/wpserwis.cfolks.pl\/r2\/wp-json\/wp\/v2\/posts\/36985\/revisions"}],"wp:featuredmedia":[{"embeddable":true,"href":"https:\/\/wpserwis.cfolks.pl\/r2\/wp-json\/"}],"wp:attachment":[{"href":"https:\/\/wpserwis.cfolks.pl\/r2\/wp-json\/wp\/v2\/media?parent=36985"}],"wp:term":[{"taxonomy":"category","embeddable":true,"href":"https:\/\/wpserwis.cfolks.pl\/r2\/wp-json\/wp\/v2\/categories?post=36985"},{"taxonomy":"post_tag","embeddable":true,"href":"https:\/\/wpserwis.cfolks.pl\/r2\/wp-json\/wp\/v2\/tags?post=36985"}],"curies":[{"name":"wp","href":"https:\/\/api.w.org\/{rel}","templated":true}]}}