{"id":37010,"date":"2025-09-01T14:08:04","date_gmt":"2025-09-01T12:08:04","guid":{"rendered":"https:\/\/wtw.waw.pl\/?p=37010"},"modified":"2025-09-01T14:08:04","modified_gmt":"2025-09-01T12:08:04","slug":"plominski-i-domanski-z-nominacjami-na-mistrzostwa-swiata","status":"publish","type":"post","link":"https:\/\/wpserwis.cfolks.pl\/r2\/plominski-i-domanski-z-nominacjami-na-mistrzostwa-swiata\/","title":{"rendered":"P\u0141OMI\u0143SKI I DOMA\u0143SKI Z NOMINACJAMI NA MISTRZOSTWA \u015aWIATA"},"content":{"rendered":"<p>W pi\u0105tek 29 sierpnia w sali konferencyjnej w hotelu Lider&nbsp;w COS-OPO Wa\u0142cz mia\u0142a miejsce wyj\u0105tkowa uroczysto\u015b\u0107. Nasi wio\u015blarze odebrali nominacje na zbli\u017caj\u0105ce si\u0119 Mistrzostwa \u015awiata Senior\u00f3w w Szanghaju.&nbsp;<\/p>\n<p>Mistrzostwa \u015bwiata w Chinach potrwaj\u0105 od 21 do 28 wrze\u015bnia.&nbsp;Wystartuje w nich sze\u015b\u0107 polskich osad. W rywalizacji parawio\u015blarzy obejrzymy natomiast dwoje zawodnik\u00f3w z Polski.<\/p>\n<p>W\u015br\u00f3d nominowanych obecni byli nasi najlepsi zawodnicy Konrad Doma\u0144ski i Piotr P\u0142omi\u0144ski, kt\u00f3rzy rywalizowa\u0107 b\u0119d\u0105 w kategorii czw\u00f3rek podw\u00f3jnych. Sk\u0142ad osady, dok\u0142adnie taki sam, jak ten kt\u00f3ry zdoby\u0142 br\u0105zowy medal Mistrzostw Europy na pocz\u0105tku sezonu:<\/p>\n<p><strong>Czw\u00f3rka podw\u00f3jna m\u0119\u017cczyzn:<\/strong><br \/>\nDominik Czaja (AZS AWF Warszawa)<br \/>\nPiotr P\u0142omi\u0144ski (WTW Warszawa)<br \/>\nJakub Wo\u017aniak (KW04 Pozna\u0144)<br \/>\nKonrad Doma\u0144ski (WTW Warszawa)<\/p>\n<p>&nbsp;<\/p>\n<p>Mocno trzymamy kciuki za polskie wios\u0142a i naszych ch\u0142opak\u00f3w !<\/p>\n<p>fot. www.pztw.pl<\/p>\n<p>&nbsp;<\/p>\n<p><a href=\"https:\/\/wpserwis.cfolks.pl\/r2\/wp-content\/uploads\/2025\/09\/czworka_nominacjeM.jpg\"><img loading=\"lazy\" decoding=\"async\" class=\"alignnone wp-image-37012 size-medium\" src=\"https:\/\/wpserwis.cfolks.pl\/r2\/wp-content\/uploads\/2025\/09\/czworka_nominacjeM-300x169.jpg\" alt=\"\" width=\"300\" height=\"169\"><\/a> <a href=\"https:\/\/wpserwis.cfolks.pl\/r2\/wp-content\/uploads\/2025\/09\/grupowe_nominacje.png\"><img loading=\"lazy\" decoding=\"async\" class=\"alignnone wp-image-37013 size-medium\" src=\"https:\/\/wpserwis.cfolks.pl\/r2\/wp-content\/uploads\/2025\/09\/grupowe_nominacje-300x188.png\" alt=\"\" width=\"300\" height=\"188\"><\/a><\/p>\n<p>&nbsp;<\/p>\n<p>&nbsp;<\/p>\n<p>&nbsp;<\/p>\n<p>.<\/p>\n","protected":false},"excerpt":{"rendered":"<p>W pi\u0105tek 29 sierpnia w sali konferencyjnej w hotelu Lider&nbsp;w COS-OPO Wa\u0142cz mia\u0142a miejsce wyj\u0105tkowa uroczysto\u015b\u0107. Nasi wio\u015blarze odebrali nominacje na zbli\u017caj\u0105ce si\u0119 Mistrzostwa \u015awiata Senior\u00f3w w Szanghaju.&nbsp; Mistrzostwa \u015bwiata w Chinach potrwaj\u0105 od 21 do 28 wrze\u015bnia.&nbsp;Wystartuje w nich sze\u015b\u0107 polskich osad. W rywalizacji parawio\u015blarzy obejrzymy natomiast dwoje zawodnik\u00f3w z Polski. W\u015br\u00f3d nominowanych obecni [&hellip;]<\/p>\n","protected":false},"author":1,"featured_media":37011,"comment_status":"closed","ping_status":"closed","sticky":false,"template":"","format":"standard","meta":{"_acf_changed":false,"footnotes":""},"categories":[1],"tags":[],"class_list":["post-37010","post","type-post","status-publish","format-standard","has-post-thumbnail","hentry","category-bez-kategorii"],"acf":[],"_links":{"self":[{"href":"https:\/\/wpserwis.cfolks.pl\/r2\/wp-json\/wp\/v2\/posts\/37010","targetHints":{"allow":["GET"]}}],"collection":[{"href":"https:\/\/wpserwis.cfolks.pl\/r2\/wp-json\/wp\/v2\/posts"}],"about":[{"href":"https:\/\/wpserwis.cfolks.pl\/r2\/wp-json\/wp\/v2\/types\/post"}],"author":[{"embeddable":true,"href":"https:\/\/wpserwis.cfolks.pl\/r2\/wp-json\/wp\/v2\/users\/1"}],"replies":[{"embeddable":true,"href":"https:\/\/wpserwis.cfolks.pl\/r2\/wp-json\/wp\/v2\/comments?post=37010"}],"version-history":[{"count":0,"href":"https:\/\/wpserwis.cfolks.pl\/r2\/wp-json\/wp\/v2\/posts\/37010\/revisions"}],"wp:featuredmedia":[{"embeddable":true,"href":"https:\/\/wpserwis.cfolks.pl\/r2\/wp-json\/"}],"wp:attachment":[{"href":"https:\/\/wpserwis.cfolks.pl\/r2\/wp-json\/wp\/v2\/media?parent=37010"}],"wp:term":[{"taxonomy":"category","embeddable":true,"href":"https:\/\/wpserwis.cfolks.pl\/r2\/wp-json\/wp\/v2\/categories?post=37010"},{"taxonomy":"post_tag","embeddable":true,"href":"https:\/\/wpserwis.cfolks.pl\/r2\/wp-json\/wp\/v2\/tags?post=37010"}],"curies":[{"name":"wp","href":"https:\/\/api.w.org\/{rel}","templated":true}]}}