{"id":37015,"date":"2025-09-01T14:47:14","date_gmt":"2025-09-01T12:47:14","guid":{"rendered":"https:\/\/wtw.waw.pl\/?p=37015"},"modified":"2025-09-01T14:47:14","modified_gmt":"2025-09-01T12:47:14","slug":"ruszamy-z-programami-edukacyjnymi-dla-zawodnikow-wtw-warszawa","status":"publish","type":"post","link":"https:\/\/wpserwis.cfolks.pl\/r2\/ruszamy-z-programami-edukacyjnymi-dla-zawodnikow-wtw-warszawa\/","title":{"rendered":"RUSZAMY Z PROGRAMAMI EDUKACYJNYMI DLA ZAWODNIK\u00d3W WTW WARSZAWA"},"content":{"rendered":"<p>W dzisiejszym \u015bwiecie sportu, poza samym treningiem, bardzo wa\u017cna staje si\u0119, lub w zasadzie sta\u0142a si\u0119 jaki\u015b czas temu &#8211; edukacja. \u015awiadomo\u015b\u0107 w jakim celu trenujemy, uprawiamy sport. Wyzwania i zagro\u017cenia jakie pojawiaj\u0105 si\u0119 na \u015bcie\u017cce rozwoju m\u0142odego sportowca. Jak sobie z tym radzi\u0107, gdzie szuka\u0107 odpowiedzi, a cz\u0119sto i wsparcia.<\/p>\n<p>Dlatego Zarz\u0105d WTW w porozumieniu z pionem trenerskim WTW, podj\u0105\u0142 decyzj\u0119 o wprowadzeniu od nowego sezonu cz\u0119\u015bci edukacyjnej dla naszych zawodniczek i zawodnik\u00f3w.<\/p>\n<p>Raz w miesi\u0105cu, zaczynaj\u0105c od wrze\u015bnia, organizowane b\u0119d\u0105 wyk\u0142ady z zaproszonymi go\u015b\u0107mi. B\u0119d\u0105 to psycholodzy, fizjoterapeuci, wyk\u0142adowcy, doktorzy &#8211; osoby pracuj\u0105ce w sporcie i czuj\u0105ce sport.<\/p>\n<p>Zaczynamy ju\u017c od 16.09 , gdzie o godzinie 16:30 sw\u00f3j wyk\u0142ad przedstawi Doktor Micha\u0142 Starczewski (Katedra Podstaw Fizjoterapii AWF W-wa) , a jednocze\u015bnie cz\u0142onek Zarz\u0105du WTW Warszawa.<\/p>\n<p>Liczymy, \u017ce w niedalekiej perspektywie, dzia\u0142 roboczo przez nas nazwany &#8222;WTW Edukacja&#8221; b\u0119dzie si\u0119 rozwija\u0142, b\u0119d\u0105c otwartym na wszystkie nowinki i zachodz\u0105ce zmiany w dzisiejszym sporcie.<\/p>\n<p>&nbsp;<\/p>\n<p>&nbsp;<\/p>\n<p>&nbsp;<\/p>\n<p>.<\/p>\n","protected":false},"excerpt":{"rendered":"<p>W dzisiejszym \u015bwiecie sportu, poza samym treningiem, bardzo wa\u017cna staje si\u0119, lub w zasadzie sta\u0142a si\u0119 jaki\u015b czas temu &#8211; edukacja. \u015awiadomo\u015b\u0107 w jakim celu trenujemy, uprawiamy sport. Wyzwania i zagro\u017cenia jakie pojawiaj\u0105 si\u0119 na \u015bcie\u017cce rozwoju m\u0142odego sportowca. Jak sobie z tym radzi\u0107, gdzie szuka\u0107 odpowiedzi, a cz\u0119sto i wsparcia. Dlatego Zarz\u0105d WTW w [&hellip;]<\/p>\n","protected":false},"author":1,"featured_media":37016,"comment_status":"closed","ping_status":"closed","sticky":false,"template":"","format":"standard","meta":{"_acf_changed":false,"footnotes":""},"categories":[1],"tags":[],"class_list":["post-37015","post","type-post","status-publish","format-standard","has-post-thumbnail","hentry","category-bez-kategorii"],"acf":[],"_links":{"self":[{"href":"https:\/\/wpserwis.cfolks.pl\/r2\/wp-json\/wp\/v2\/posts\/37015","targetHints":{"allow":["GET"]}}],"collection":[{"href":"https:\/\/wpserwis.cfolks.pl\/r2\/wp-json\/wp\/v2\/posts"}],"about":[{"href":"https:\/\/wpserwis.cfolks.pl\/r2\/wp-json\/wp\/v2\/types\/post"}],"author":[{"embeddable":true,"href":"https:\/\/wpserwis.cfolks.pl\/r2\/wp-json\/wp\/v2\/users\/1"}],"replies":[{"embeddable":true,"href":"https:\/\/wpserwis.cfolks.pl\/r2\/wp-json\/wp\/v2\/comments?post=37015"}],"version-history":[{"count":0,"href":"https:\/\/wpserwis.cfolks.pl\/r2\/wp-json\/wp\/v2\/posts\/37015\/revisions"}],"wp:featuredmedia":[{"embeddable":true,"href":"https:\/\/wpserwis.cfolks.pl\/r2\/wp-json\/"}],"wp:attachment":[{"href":"https:\/\/wpserwis.cfolks.pl\/r2\/wp-json\/wp\/v2\/media?parent=37015"}],"wp:term":[{"taxonomy":"category","embeddable":true,"href":"https:\/\/wpserwis.cfolks.pl\/r2\/wp-json\/wp\/v2\/categories?post=37015"},{"taxonomy":"post_tag","embeddable":true,"href":"https:\/\/wpserwis.cfolks.pl\/r2\/wp-json\/wp\/v2\/tags?post=37015"}],"curies":[{"name":"wp","href":"https:\/\/api.w.org\/{rel}","templated":true}]}}