{"id":37018,"date":"2025-09-02T09:08:19","date_gmt":"2025-09-02T07:08:19","guid":{"rendered":"https:\/\/wtw.waw.pl\/?p=37018"},"modified":"2025-09-02T09:08:19","modified_gmt":"2025-09-02T07:08:19","slug":"finalowe-regaty-programu-mlode-polskie-wiosla","status":"publish","type":"post","link":"https:\/\/wpserwis.cfolks.pl\/r2\/finalowe-regaty-programu-mlode-polskie-wiosla\/","title":{"rendered":"FINA\u0141OWE REGATY PROGRAMU &#8222;M\u0141ODE POLSKIE WIOS\u0141A&#8221;"},"content":{"rendered":"<div class=\"xdj266r x14z9mp xat24cr x1lziwak x1vvkbs x126k92a\">\n<div dir=\"auto\">Za Nami Fina\u0142owe Regaty M\u0142odych Polskich Wiose\u0142, kt\u00f3re odby\u0142y si\u0119 w miniony weekend w Poznaniu .<\/div>\n<div dir=\"auto\">&nbsp;<\/div>\n<\/div>\n<div class=\"x14z9mp xat24cr x1lziwak x1vvkbs xtlvy1s x126k92a\">\n<div dir=\"auto\">Nasza grupa zawodnik\u00f3w <span class=\"html-span xdj266r x14z9mp xat24cr x1lziwak xexx8yu xyri2b x18d9i69 x1c1uobl x1hl2dhg x16tdsg8 x1vvkbs\"><a class=\"x1i10hfl xjbqb8w x1ejq31n x18oe1m7 x1sy0etr xstzfhl x972fbf x10w94by x1qhh985 x14e42zd x9f619 x1ypdohk xt0psk2 x3ct3a4 xdj266r x14z9mp xat24cr x1lziwak xexx8yu xyri2b x18d9i69 x1c1uobl x16tdsg8 x1hl2dhg xggy1nq x1a2a7pz xkrqix3 x1sur9pj x1fey0fg x1s688f\" tabindex=\"0\" role=\"link\" href=\"https:\/\/www.facebook.com\/hashtag\/wtwteam?__eep__=6&amp;__cft__[0]=AZVLuLWJ9aYqrASnbPnjcwRoK9NCmNB7ADnA3GtkYZp-ES5G2NMjG9kl-Lbaxn0GrcgIeMBhtocOBkKBqdMpidvTiP-sQxFD2EBOjl5oprm_F0v75HjT4v9wo620F8nv-siuYR9bmGtsL0h7oe88nulKYseQxfiYK6fLCQ2vGdud6MWuozu5P8px4-NQNLn4nc4&amp;__tn__=*NK-R\">#wtwteam<\/a><\/span> liczy\u0142a 5 os\u00f3b: Maja Skowron, Kazimierz Bienias, Aleksander Malski, Tadeusz W\u00f3jtowicz, Miko\u0142aj Chojnacki, a trenerem opiekunem by\u0142a trenerka Sylwia Li\u015bkiewicz.<\/div>\n<div dir=\"auto\">&nbsp;<\/div>\n<div dir=\"auto\">Regaty mia\u0142y na celu integracj\u0119 zawodnik\u00f3w z ca\u0142ej Polski. \u0141\u0105cznie wzi\u0119\u0142o udzia\u0142 96 wio\u015blarzy! Zawodnicy startowali w kombinowanych, mieszanych osadach. Startowali na czw\u00f3rkach, w niedziel\u0119 na \u00f3semkach podw\u00f3jnych, a wieczorem uczestniczyli w zaj\u0119ciach na basenie p\u0142ywackim.<\/div>\n<\/div>\n<div class=\"x14z9mp xat24cr x1lziwak x1vvkbs xtlvy1s x126k92a\">\n<div dir=\"auto\">&nbsp;<\/div>\n<div dir=\"auto\">Wszystkim si\u0119 bardzo podoba\u0142o! By\u0142a to super szansa do poznania zawodnik\u00f3w z ca\u0142ej Polski! Za rok powt\u00f3rka .<\/div>\n<\/div>\n<div class=\"x14z9mp xat24cr x1lziwak x1vvkbs xtlvy1s x126k92a\">\n<div dir=\"auto\">&nbsp;<\/div>\n<div dir=\"auto\">Dzi\u0119ki za super sportow\u0105 imprez\u0119 @mlodepolskiewiosla<\/div>\n<\/div>\n<div dir=\"auto\">&nbsp;<\/div>\n<div dir=\"auto\">&nbsp;<\/div>\n<div dir=\"auto\"><a href=\"https:\/\/wpserwis.cfolks.pl\/r2\/wp-content\/uploads\/2025\/09\/542763886_18519520609016863_7663255315512381764_n.jpg\"><img loading=\"lazy\" decoding=\"async\" class=\"alignnone wp-image-37019 size-medium\" src=\"https:\/\/wpserwis.cfolks.pl\/r2\/wp-content\/uploads\/2025\/09\/542763886_18519520609016863_7663255315512381764_n-300x300.jpg\" alt=\"\" width=\"300\" height=\"300\"><\/a> <a href=\"https:\/\/wpserwis.cfolks.pl\/r2\/wp-content\/uploads\/2025\/09\/542273652_18519520618016863_1842901961609421406_n.jpg\"><img loading=\"lazy\" decoding=\"async\" class=\"alignnone wp-image-37020 size-medium\" src=\"https:\/\/wpserwis.cfolks.pl\/r2\/wp-content\/uploads\/2025\/09\/542273652_18519520618016863_1842901961609421406_n-300x300.jpg\" alt=\"\" width=\"300\" height=\"300\"><\/a> <a href=\"https:\/\/wpserwis.cfolks.pl\/r2\/wp-content\/uploads\/2025\/09\/542043373_18519520600016863_6703252627105057049_n.jpg\"><img loading=\"lazy\" decoding=\"async\" class=\"alignnone wp-image-37021 size-medium\" src=\"https:\/\/wpserwis.cfolks.pl\/r2\/wp-content\/uploads\/2025\/09\/542043373_18519520600016863_6703252627105057049_n-300x300.jpg\" alt=\"\" width=\"300\" height=\"300\"><\/a> <a href=\"https:\/\/wpserwis.cfolks.pl\/r2\/wp-content\/uploads\/2025\/09\/541584182_18519520681016863_8773262028384047466_n.jpg\"><img loading=\"lazy\" decoding=\"async\" class=\"alignnone wp-image-37022 size-medium\" src=\"https:\/\/wpserwis.cfolks.pl\/r2\/wp-content\/uploads\/2025\/09\/541584182_18519520681016863_8773262028384047466_n-300x300.jpg\" alt=\"\" width=\"300\" height=\"300\"><\/a> <a href=\"https:\/\/wpserwis.cfolks.pl\/r2\/wp-content\/uploads\/2025\/09\/541545891_18519520630016863_1756946141270374507_n.jpg\"><img loading=\"lazy\" decoding=\"async\" class=\"alignnone wp-image-37023 size-medium\" src=\"https:\/\/wpserwis.cfolks.pl\/r2\/wp-content\/uploads\/2025\/09\/541545891_18519520630016863_1756946141270374507_n-300x300.jpg\" alt=\"\" width=\"300\" height=\"300\"><\/a> <a href=\"https:\/\/wpserwis.cfolks.pl\/r2\/wp-content\/uploads\/2025\/09\/541531070_18519520639016863_1661587355144255368_n.jpg\"><img loading=\"lazy\" decoding=\"async\" class=\"alignnone wp-image-37024 size-medium\" src=\"https:\/\/wpserwis.cfolks.pl\/r2\/wp-content\/uploads\/2025\/09\/541531070_18519520639016863_1661587355144255368_n-300x300.jpg\" alt=\"\" width=\"300\" height=\"300\"><\/a> <a href=\"https:\/\/wpserwis.cfolks.pl\/r2\/wp-content\/uploads\/2025\/09\/541152481_18519520663016863_2286584248319854668_n.jpg\"><img loading=\"lazy\" decoding=\"async\" class=\"alignnone wp-image-37025 size-medium\" src=\"https:\/\/wpserwis.cfolks.pl\/r2\/wp-content\/uploads\/2025\/09\/541152481_18519520663016863_2286584248319854668_n-300x300.jpg\" alt=\"\" width=\"300\" height=\"300\"><\/a> <a href=\"https:\/\/wpserwis.cfolks.pl\/r2\/wp-content\/uploads\/2025\/09\/540677121_18519520651016863_7590459268802077041_n.jpg\"><img loading=\"lazy\" decoding=\"async\" class=\"alignnone wp-image-37026 size-medium\" src=\"https:\/\/wpserwis.cfolks.pl\/r2\/wp-content\/uploads\/2025\/09\/540677121_18519520651016863_7590459268802077041_n-300x300.jpg\" alt=\"\" width=\"300\" height=\"300\"><\/a><\/div>\n<div dir=\"auto\">&nbsp;<\/div>\n<div dir=\"auto\">&nbsp;<\/div>\n<div dir=\"auto\">&nbsp;<\/div>\n<div dir=\"auto\">.<\/div>\n","protected":false},"excerpt":{"rendered":"<p>Za Nami Fina\u0142owe Regaty M\u0142odych Polskich Wiose\u0142, kt\u00f3re odby\u0142y si\u0119 w miniony weekend w Poznaniu . &nbsp; Nasza grupa zawodnik\u00f3w #wtwteam liczy\u0142a 5 os\u00f3b: Maja Skowron, Kazimierz Bienias, Aleksander Malski, Tadeusz W\u00f3jtowicz, Miko\u0142aj Chojnacki, a trenerem opiekunem by\u0142a trenerka Sylwia Li\u015bkiewicz. &nbsp; Regaty mia\u0142y na celu integracj\u0119 zawodnik\u00f3w z ca\u0142ej Polski. \u0141\u0105cznie wzi\u0119\u0142o udzia\u0142 96 [&hellip;]<\/p>\n","protected":false},"author":1,"featured_media":37021,"comment_status":"closed","ping_status":"closed","sticky":false,"template":"","format":"standard","meta":{"_acf_changed":false,"footnotes":""},"categories":[1],"tags":[],"class_list":["post-37018","post","type-post","status-publish","format-standard","has-post-thumbnail","hentry","category-bez-kategorii"],"acf":[],"_links":{"self":[{"href":"https:\/\/wpserwis.cfolks.pl\/r2\/wp-json\/wp\/v2\/posts\/37018","targetHints":{"allow":["GET"]}}],"collection":[{"href":"https:\/\/wpserwis.cfolks.pl\/r2\/wp-json\/wp\/v2\/posts"}],"about":[{"href":"https:\/\/wpserwis.cfolks.pl\/r2\/wp-json\/wp\/v2\/types\/post"}],"author":[{"embeddable":true,"href":"https:\/\/wpserwis.cfolks.pl\/r2\/wp-json\/wp\/v2\/users\/1"}],"replies":[{"embeddable":true,"href":"https:\/\/wpserwis.cfolks.pl\/r2\/wp-json\/wp\/v2\/comments?post=37018"}],"version-history":[{"count":0,"href":"https:\/\/wpserwis.cfolks.pl\/r2\/wp-json\/wp\/v2\/posts\/37018\/revisions"}],"wp:featuredmedia":[{"embeddable":true,"href":"https:\/\/wpserwis.cfolks.pl\/r2\/wp-json\/"}],"wp:attachment":[{"href":"https:\/\/wpserwis.cfolks.pl\/r2\/wp-json\/wp\/v2\/media?parent=37018"}],"wp:term":[{"taxonomy":"category","embeddable":true,"href":"https:\/\/wpserwis.cfolks.pl\/r2\/wp-json\/wp\/v2\/categories?post=37018"},{"taxonomy":"post_tag","embeddable":true,"href":"https:\/\/wpserwis.cfolks.pl\/r2\/wp-json\/wp\/v2\/tags?post=37018"}],"curies":[{"name":"wp","href":"https:\/\/api.w.org\/{rel}","templated":true}]}}