{"id":37103,"date":"2025-09-22T09:11:56","date_gmt":"2025-09-22T07:11:56","guid":{"rendered":"https:\/\/wtw.waw.pl\/?p=37103"},"modified":"2025-09-22T09:11:56","modified_gmt":"2025-09-22T07:11:56","slug":"zlota-carmen-braz-dla-wiktora-kajakowe-mistrzostwa-wielkoposlki","status":"publish","type":"post","link":"https:\/\/wpserwis.cfolks.pl\/r2\/zlota-carmen-braz-dla-wiktora-kajakowe-mistrzostwa-wielkoposlki\/","title":{"rendered":"ZLOTA CARMEN, BR\u0104Z DLA WIKTORA &#8211; KAJAKOWE MISTRZOSTWA WIELKOPOSLKI"},"content":{"rendered":"<div class=\"html-div xdj266r x14z9mp xat24cr x1lziwak xexx8yu xyri2b x18d9i69 x1c1uobl\" dir=\"auto\">\n<div class=\"html-div xdj266r x14z9mp xat24cr x1lziwak xexx8yu xyri2b x18d9i69 x1c1uobl\" data-ad-rendering-role=\"story_message\">\n<div id=\"_R_5anaql6ld5bb6in5klilipamH2_\" class=\"x1l90r2v x1iorvi4 x1g0dm76 xpdmqnj\" data-ad-comet-preview=\"message\" data-ad-preview=\"message\">\n<div class=\"x78zum5 xdt5ytf xz62fqu x16ldp7u\">\n<div class=\"xu06os2 x1ok221b\">\n<div class=\"html-div xdj266r x14z9mp xat24cr x1lziwak xexx8yu xyri2b x18d9i69 x1c1uobl\">\n<div class=\"xdj266r x14z9mp xat24cr x1lziwak x1vvkbs x126k92a\">\n<div dir=\"auto\">Mistrzostwa Wielkopolski i medale naszych ma\u0142ych kajakarzy.<\/div>\n<div dir=\"auto\">&nbsp;<\/div>\n<\/div>\n<div class=\"x14z9mp xat24cr x1lziwak x1vvkbs xtlvy1s x126k92a\">\n<div dir=\"auto\">Carmen Cruz Koniak oraz Wiktor Cruz Koniak w miniony weekend wystartowali w Poznaniu w Mistrzostwach Wielkopolski.<\/div>\n<div dir=\"auto\">&nbsp;<\/div>\n<div dir=\"auto\">Carmen zwyci\u0119\u017cy\u0142a w kategorii Dzieci Dziewczynki, a Wiktor (mimo du\u017cej obstawy zawod\u00f3w) zaj\u0105\u0142 3 miejsce w kategorii M\u0142odzi.<\/div>\n<\/div>\n<div class=\"x14z9mp xat24cr x1lziwak x1vvkbs xtlvy1s x126k92a\">\n<div dir=\"auto\">Wielkie gratulacje dla nich oraz ich zaanga\u017cowanych rodzic\u00f3w Jesusa oraz Agnieszki .<\/div>\n<\/div>\n<div class=\"x14z9mp xat24cr x1lziwak x1vvkbs xtlvy1s x126k92a\">\n<div dir=\"auto\">&nbsp;<\/div>\n<div dir=\"auto\">Brawa <span class=\"html-span xexx8yu xyri2b x18d9i69 x1c1uobl x1hl2dhg x16tdsg8 x1vvkbs x3nfvp2 x1j61x8r x1fcty0u xdj266r xat24cr xm2jcoa x1mpyi22 xxymvpz xlup9mm x1kky2od\">!<\/span><\/div>\n<\/div>\n<\/div>\n<\/div>\n<\/div>\n<\/div>\n<\/div>\n<\/div>\n<div dir=\"auto\">&nbsp;<\/div>\n<div dir=\"auto\">&nbsp;<\/div>\n<div dir=\"auto\"><a href=\"https:\/\/wpserwis.cfolks.pl\/r2\/wp-content\/uploads\/2025\/09\/551408864_18523443595016863_4596206502009586999_n.jpg\"><img loading=\"lazy\" decoding=\"async\" class=\"alignnone wp-image-37104 size-medium\" src=\"https:\/\/wpserwis.cfolks.pl\/r2\/wp-content\/uploads\/2025\/09\/551408864_18523443595016863_4596206502009586999_n-263x300.jpg\" alt=\"\" width=\"263\" height=\"300\"><\/a> <a href=\"https:\/\/wpserwis.cfolks.pl\/r2\/wp-content\/uploads\/2025\/09\/551833942_18523443583016863_2153049853222491051_n.jpg\"><img loading=\"lazy\" decoding=\"async\" class=\"alignnone wp-image-37105 size-medium\" src=\"https:\/\/wpserwis.cfolks.pl\/r2\/wp-content\/uploads\/2025\/09\/551833942_18523443583016863_2153049853222491051_n-263x300.jpg\" alt=\"\" width=\"263\" height=\"300\"><\/a><\/div>\n<div dir=\"auto\">&nbsp;<\/div>\n<div dir=\"auto\">&nbsp;<\/div>\n<div dir=\"auto\">&nbsp;<\/div>\n<div dir=\"auto\">.<\/div>\n","protected":false},"excerpt":{"rendered":"<p>Mistrzostwa Wielkopolski i medale naszych ma\u0142ych kajakarzy. &nbsp; Carmen Cruz Koniak oraz Wiktor Cruz Koniak w miniony weekend wystartowali w Poznaniu w Mistrzostwach Wielkopolski. &nbsp; Carmen zwyci\u0119\u017cy\u0142a w kategorii Dzieci Dziewczynki, a Wiktor (mimo du\u017cej obstawy zawod\u00f3w) zaj\u0105\u0142 3 miejsce w kategorii M\u0142odzi. Wielkie gratulacje dla nich oraz ich zaanga\u017cowanych rodzic\u00f3w Jesusa oraz Agnieszki . [&hellip;]<\/p>\n","protected":false},"author":1,"featured_media":37106,"comment_status":"closed","ping_status":"closed","sticky":false,"template":"","format":"standard","meta":{"_acf_changed":false,"footnotes":""},"categories":[1],"tags":[],"class_list":["post-37103","post","type-post","status-publish","format-standard","has-post-thumbnail","hentry","category-bez-kategorii"],"acf":[],"_links":{"self":[{"href":"https:\/\/wpserwis.cfolks.pl\/r2\/wp-json\/wp\/v2\/posts\/37103","targetHints":{"allow":["GET"]}}],"collection":[{"href":"https:\/\/wpserwis.cfolks.pl\/r2\/wp-json\/wp\/v2\/posts"}],"about":[{"href":"https:\/\/wpserwis.cfolks.pl\/r2\/wp-json\/wp\/v2\/types\/post"}],"author":[{"embeddable":true,"href":"https:\/\/wpserwis.cfolks.pl\/r2\/wp-json\/wp\/v2\/users\/1"}],"replies":[{"embeddable":true,"href":"https:\/\/wpserwis.cfolks.pl\/r2\/wp-json\/wp\/v2\/comments?post=37103"}],"version-history":[{"count":0,"href":"https:\/\/wpserwis.cfolks.pl\/r2\/wp-json\/wp\/v2\/posts\/37103\/revisions"}],"wp:featuredmedia":[{"embeddable":true,"href":"https:\/\/wpserwis.cfolks.pl\/r2\/wp-json\/"}],"wp:attachment":[{"href":"https:\/\/wpserwis.cfolks.pl\/r2\/wp-json\/wp\/v2\/media?parent=37103"}],"wp:term":[{"taxonomy":"category","embeddable":true,"href":"https:\/\/wpserwis.cfolks.pl\/r2\/wp-json\/wp\/v2\/categories?post=37103"},{"taxonomy":"post_tag","embeddable":true,"href":"https:\/\/wpserwis.cfolks.pl\/r2\/wp-json\/wp\/v2\/tags?post=37103"}],"curies":[{"name":"wp","href":"https:\/\/api.w.org\/{rel}","templated":true}]}}