{"id":37115,"date":"2025-09-23T11:07:51","date_gmt":"2025-09-23T09:07:51","guid":{"rendered":"https:\/\/wtw.waw.pl\/?p=37115"},"modified":"2025-09-23T11:07:51","modified_gmt":"2025-09-23T09:07:51","slug":"mamy-final-mistrzostw-swiata-w-wioslarstwie","status":"publish","type":"post","link":"https:\/\/wpserwis.cfolks.pl\/r2\/mamy-final-mistrzostw-swiata-w-wioslarstwie\/","title":{"rendered":"MAMY FINA\u0141 MISTRZOSTW \u015aWIATA W WIO\u015aLARSTWIE !"},"content":{"rendered":"<p>Prosz\u0119 Pa\u0144stwa, co za informacje nap\u0142ywaj\u0105 do nas z Szanghaju, gdzie odbywaj\u0105 si\u0119 wio\u015blarskie Mistrzostwa \u015awiata.<\/p>\n<p>Czw\u00f3rka podw\u00f3jna m\u0119\u017cczyzn, w\u0142a\u015bnie zakwalifikowa\u0142a si\u0119 do wielkiego fina\u0142u !<\/p>\n<p>W osadzie mamy dw\u00f3ch &#8222;wutewiak\u00f3w&#8221;: Piotrka P\u0142omi\u0144skiego i Konrada Doma\u0144skiego.<\/p>\n<p class=\"p3\"><span class=\"s2\">Dominik Czaja, Piotr P\u0142omi\u0144ski, Jakub Wo\u017aniak i Konrad Doma\u0144ski w niedziel\u0119 wystartowali w przedbiegu, w kt\u00f3rym zaj\u0119li drugie miejsce i awansowali do p\u00f3\u0142fina\u0142u. We wtorek czeka\u0142a ich zatem walka o miejsce w finale A.&nbsp;<\/span><\/p>\n<p class=\"p3\"><span class=\"s2\">Polacy od startu narzucili mocne tempo i w po\u0142owie dystansu prowadzili. Ostatecznie dop\u0142yn\u0119li do mety na drugim miejscu, jedynie za osad\u0105 z Wielkiej Brytanii. Bia\u0142o-Czerwoni uzyskali czas 5:43,79, a zwyci\u0119zcy byli szybsi o 1,24 sekundy.&nbsp;<\/span><\/p>\n<p>Fina\u0142 imprezy sezonu, zaplanowany zosta\u0142 na czwartek na godzin\u0119 09:12 (czas polski). Transmisj\u0119 LIVE zobaczy\u0107 b\u0119dzie mo\u017cna na kanale TVP Sport.<\/p>\n<p>&nbsp;<\/p>\n<p>&nbsp;<\/p>\n<p>.<\/p>\n<p>&nbsp;<\/p>\n","protected":false},"excerpt":{"rendered":"<p>Prosz\u0119 Pa\u0144stwa, co za informacje nap\u0142ywaj\u0105 do nas z Szanghaju, gdzie odbywaj\u0105 si\u0119 wio\u015blarskie Mistrzostwa \u015awiata. Czw\u00f3rka podw\u00f3jna m\u0119\u017cczyzn, w\u0142a\u015bnie zakwalifikowa\u0142a si\u0119 do wielkiego fina\u0142u ! W osadzie mamy dw\u00f3ch &#8222;wutewiak\u00f3w&#8221;: Piotrka P\u0142omi\u0144skiego i Konrada Doma\u0144skiego. Dominik Czaja, Piotr P\u0142omi\u0144ski, Jakub Wo\u017aniak i Konrad Doma\u0144ski w niedziel\u0119 wystartowali w przedbiegu, w kt\u00f3rym zaj\u0119li drugie miejsce [&hellip;]<\/p>\n","protected":false},"author":1,"featured_media":37116,"comment_status":"closed","ping_status":"closed","sticky":false,"template":"","format":"standard","meta":{"_acf_changed":false,"footnotes":""},"categories":[1],"tags":[],"class_list":["post-37115","post","type-post","status-publish","format-standard","has-post-thumbnail","hentry","category-bez-kategorii"],"acf":[],"_links":{"self":[{"href":"https:\/\/wpserwis.cfolks.pl\/r2\/wp-json\/wp\/v2\/posts\/37115","targetHints":{"allow":["GET"]}}],"collection":[{"href":"https:\/\/wpserwis.cfolks.pl\/r2\/wp-json\/wp\/v2\/posts"}],"about":[{"href":"https:\/\/wpserwis.cfolks.pl\/r2\/wp-json\/wp\/v2\/types\/post"}],"author":[{"embeddable":true,"href":"https:\/\/wpserwis.cfolks.pl\/r2\/wp-json\/wp\/v2\/users\/1"}],"replies":[{"embeddable":true,"href":"https:\/\/wpserwis.cfolks.pl\/r2\/wp-json\/wp\/v2\/comments?post=37115"}],"version-history":[{"count":0,"href":"https:\/\/wpserwis.cfolks.pl\/r2\/wp-json\/wp\/v2\/posts\/37115\/revisions"}],"wp:featuredmedia":[{"embeddable":true,"href":"https:\/\/wpserwis.cfolks.pl\/r2\/wp-json\/"}],"wp:attachment":[{"href":"https:\/\/wpserwis.cfolks.pl\/r2\/wp-json\/wp\/v2\/media?parent=37115"}],"wp:term":[{"taxonomy":"category","embeddable":true,"href":"https:\/\/wpserwis.cfolks.pl\/r2\/wp-json\/wp\/v2\/categories?post=37115"},{"taxonomy":"post_tag","embeddable":true,"href":"https:\/\/wpserwis.cfolks.pl\/r2\/wp-json\/wp\/v2\/tags?post=37115"}],"curies":[{"name":"wp","href":"https:\/\/api.w.org\/{rel}","templated":true}]}}