{"id":37223,"date":"2025-10-01T14:28:23","date_gmt":"2025-10-01T12:28:23","guid":{"rendered":"https:\/\/wtw.waw.pl\/?p=37223"},"modified":"2025-10-01T14:28:23","modified_gmt":"2025-10-01T12:28:23","slug":"tytan11-bialoleka-relacja-wyniki","status":"publish","type":"post","link":"https:\/\/wpserwis.cfolks.pl\/r2\/tytan11-bialoleka-relacja-wyniki\/","title":{"rendered":"#TYTAN11 BIA\u0141O\u0141\u0118KA &#8211; RELACJA, WYNIKI"},"content":{"rendered":"<p>Nie zwalniamy tempa, rozp\u0119dzamy jedenast\u0105 edycj\u0119 Tytana. Za nami ju\u017c trzy eliminacje. Dzisiaj go\u015bcili\u015bmy w Bia\u0142o\u0142\u0119ckim O\u015brodku Sportu przy ul. \u015awiatowida.<\/p>\n<p>Wsp\u00f3lnego otwarcia zawod\u00f3w dokonali Pan Jan Mackiewicz \u2013 Zast\u0119pca Burmistrza dzielnicy Bia\u0142o\u0142\u0119ka i Dyrektor WTW Maciej \u015aliwi\u0144ski.<\/p>\n<p>Nast\u0119pnie rozgrzewka , kr\u00f3tki instrukta\u017c wios\u0142owania na ergometrze i jazda !<\/p>\n<p>Warto wspomnie\u0107, \u017ce Bia\u0142o\u0142\u0119ka to dzielnica mistrz\u00f3w. To w\u0142a\u015bnie w tej dzielnicy znajduje si\u0119 SP112, zwyci\u0119zca Tytana w ostatnich czterech edycjach. Ci\u0119\u017cki to teren dla innych dzielnic i szk\u00f3\u0142.<\/p>\n<p>Wysokiego poziomu zawod\u00f3w z pewno\u015bci\u0105 si\u0119 spodziewali\u015bmy i taki w\u0142a\u015bnie by\u0142. Sze\u015b\u0107 szk\u00f3\u0142 i ponad 300 zg\u0142oszonej m\u0142odzie\u017cy. Cieszy nas fakt, \u017ce rokrocznie ro\u015bnie zainteresowanie Tytanem na Bia\u0142o\u0142\u0119ce. Prze\u0142o\u017cy\u0142o si\u0119 to na 53 zaplanowane w dniu dzisiejszym wy\u015bcigi.<\/p>\n<p>Zawody prowadzi\u0142y dzisiaj dwie fantastyczne Trenerki, na codzie\u0144 odpowiadaj\u0105ce za rozw\u00f3j naszej Akademii M\u0142odego Wio\u015blarza: Maria Wierzbowska \u2013 olimpijka i srebrna medalistka Mistrzostw \u015awiata w wio\u015blarstwie oraz Sylwia Li\u015bkiewicz \u2013 multimedalistka Mistrzostw Polski.<\/p>\n<p>Zwyci\u0119\u017cy\u0142a w sztafetach dru\u017cyna z SP112 (2058 metry).<\/p>\n<p>W klasyfikacji generalnej szk\u00f3\u0142 nast\u0105pi\u0142a zmiana. SP112 zaj\u0119\u0142a tym razem drugie miejsce z wynikiem 10625 metr\u00f3w, a zwyci\u0119zc\u0105 by\u0142a SP 356 z wynikiem 16279 metr\u00f3w. Trzecie miejsce SP 257 z wynikiem 7369 metr\u00f3w.<\/p>\n<p>Ju\u017c w najbli\u017cszy wtorek dop\u0142yniemy do Wilanowa, gdzie odb\u0119dzie si\u0119 czwarta z \u0142\u0105cznie zaplanowanych czternastu eliminacji tegorocznego #Tytan11.<\/p>\n<p>&nbsp;<\/p>\n<p><span style=\"color: #0000ff;\"><a style=\"color: #0000ff;\" href=\"https:\/\/tytanwtw.cfolks.pl\/ranking.html\">Wyniki &#8211; zobacz tutaj<\/a><\/span><\/p>\n<p><a href=\"https:\/\/tytanwtw.cfolks.pl\/finalisci.html\"><span style=\"color: #0000ff;\">Finali\u015bci &#8211; zobacz tutaj<\/span><\/a><\/p>\n<p><a href=\"https:\/\/tytanwtw.cfolks.pl\/top.html\"><span style=\"color: #0000ff;\">TOP5 &#8211; zobacz tutaj<\/span><\/a><\/p>\n<p>&nbsp;<\/p>\n<p>&nbsp;<\/p>\n<p><a href=\"https:\/\/wpserwis.cfolks.pl\/r2\/wp-content\/uploads\/2025\/10\/IMG_6908-scaled.jpg\"><img loading=\"lazy\" decoding=\"async\" class=\"alignnone wp-image-37228 size-medium\" src=\"https:\/\/wpserwis.cfolks.pl\/r2\/wp-content\/uploads\/2025\/10\/IMG_6908-225x300.jpg\" alt=\"\" width=\"225\" height=\"300\"><\/a><a href=\"https:\/\/wpserwis.cfolks.pl\/r2\/wp-content\/uploads\/2025\/10\/IMG_6902-scaled.jpg\"><img loading=\"lazy\" decoding=\"async\" class=\"alignnone wp-image-37224 size-medium\" src=\"https:\/\/wpserwis.cfolks.pl\/r2\/wp-content\/uploads\/2025\/10\/IMG_6902-300x225.jpg\" alt=\"\" width=\"300\" height=\"225\"><\/a> <a href=\"https:\/\/wpserwis.cfolks.pl\/r2\/wp-content\/uploads\/2025\/10\/IMG_6903-scaled.jpg\"><img loading=\"lazy\" decoding=\"async\" class=\"alignnone wp-image-37225 size-medium\" src=\"https:\/\/wpserwis.cfolks.pl\/r2\/wp-content\/uploads\/2025\/10\/IMG_6903-300x225.jpg\" alt=\"\" width=\"300\" height=\"225\"><\/a> <a href=\"https:\/\/wpserwis.cfolks.pl\/r2\/wp-content\/uploads\/2025\/10\/IMG_6904-scaled.jpg\"><img loading=\"lazy\" decoding=\"async\" class=\"alignnone wp-image-37226 size-medium\" src=\"https:\/\/wpserwis.cfolks.pl\/r2\/wp-content\/uploads\/2025\/10\/IMG_6904-300x225.jpg\" alt=\"\" width=\"300\" height=\"225\"><\/a> <a href=\"https:\/\/wpserwis.cfolks.pl\/r2\/wp-content\/uploads\/2025\/10\/IMG_6907-scaled.jpg\"><img loading=\"lazy\" decoding=\"async\" class=\"alignnone wp-image-37227 size-medium\" src=\"https:\/\/wpserwis.cfolks.pl\/r2\/wp-content\/uploads\/2025\/10\/IMG_6907-300x225.jpg\" alt=\"\" width=\"300\" height=\"225\"><\/a> <a href=\"https:\/\/wpserwis.cfolks.pl\/r2\/wp-content\/uploads\/2025\/10\/IMG_6920-scaled.jpg\"><img loading=\"lazy\" decoding=\"async\" class=\"alignnone wp-image-37229 size-medium\" src=\"https:\/\/wpserwis.cfolks.pl\/r2\/wp-content\/uploads\/2025\/10\/IMG_6920-300x225.jpg\" alt=\"\" width=\"300\" height=\"225\"><\/a> &nbsp;<a href=\"https:\/\/wpserwis.cfolks.pl\/r2\/wp-content\/uploads\/2025\/10\/IMG_6925-scaled.jpg\"><img loading=\"lazy\" decoding=\"async\" class=\"alignnone wp-image-37231 size-medium\" src=\"https:\/\/wpserwis.cfolks.pl\/r2\/wp-content\/uploads\/2025\/10\/IMG_6925-300x225.jpg\" alt=\"\" width=\"300\" height=\"225\"><\/a> <a href=\"https:\/\/wpserwis.cfolks.pl\/r2\/wp-content\/uploads\/2025\/10\/IMG_6929-scaled.jpg\"><img loading=\"lazy\" decoding=\"async\" class=\"alignnone wp-image-37232 size-medium\" src=\"https:\/\/wpserwis.cfolks.pl\/r2\/wp-content\/uploads\/2025\/10\/IMG_6929-300x225.jpg\" alt=\"\" width=\"300\" height=\"225\"><\/a><\/p>\n<p>&nbsp;<\/p>\n<p>&nbsp;<\/p>\n","protected":false},"excerpt":{"rendered":"<p>Nie zwalniamy tempa, rozp\u0119dzamy jedenast\u0105 edycj\u0119 Tytana. Za nami ju\u017c trzy eliminacje. Dzisiaj go\u015bcili\u015bmy w Bia\u0142o\u0142\u0119ckim O\u015brodku Sportu przy ul. \u015awiatowida. Wsp\u00f3lnego otwarcia zawod\u00f3w dokonali Pan Jan Mackiewicz \u2013 Zast\u0119pca Burmistrza dzielnicy Bia\u0142o\u0142\u0119ka i Dyrektor WTW Maciej \u015aliwi\u0144ski. Nast\u0119pnie rozgrzewka , kr\u00f3tki instrukta\u017c wios\u0142owania na ergometrze i jazda ! Warto wspomnie\u0107, \u017ce Bia\u0142o\u0142\u0119ka to dzielnica [&hellip;]<\/p>\n","protected":false},"author":1,"featured_media":37231,"comment_status":"closed","ping_status":"closed","sticky":false,"template":"","format":"standard","meta":{"_acf_changed":false,"footnotes":""},"categories":[13],"tags":[],"class_list":["post-37223","post","type-post","status-publish","format-standard","has-post-thumbnail","hentry","category-tytan"],"acf":[],"_links":{"self":[{"href":"https:\/\/wpserwis.cfolks.pl\/r2\/wp-json\/wp\/v2\/posts\/37223","targetHints":{"allow":["GET"]}}],"collection":[{"href":"https:\/\/wpserwis.cfolks.pl\/r2\/wp-json\/wp\/v2\/posts"}],"about":[{"href":"https:\/\/wpserwis.cfolks.pl\/r2\/wp-json\/wp\/v2\/types\/post"}],"author":[{"embeddable":true,"href":"https:\/\/wpserwis.cfolks.pl\/r2\/wp-json\/wp\/v2\/users\/1"}],"replies":[{"embeddable":true,"href":"https:\/\/wpserwis.cfolks.pl\/r2\/wp-json\/wp\/v2\/comments?post=37223"}],"version-history":[{"count":0,"href":"https:\/\/wpserwis.cfolks.pl\/r2\/wp-json\/wp\/v2\/posts\/37223\/revisions"}],"wp:featuredmedia":[{"embeddable":true,"href":"https:\/\/wpserwis.cfolks.pl\/r2\/wp-json\/"}],"wp:attachment":[{"href":"https:\/\/wpserwis.cfolks.pl\/r2\/wp-json\/wp\/v2\/media?parent=37223"}],"wp:term":[{"taxonomy":"category","embeddable":true,"href":"https:\/\/wpserwis.cfolks.pl\/r2\/wp-json\/wp\/v2\/categories?post=37223"},{"taxonomy":"post_tag","embeddable":true,"href":"https:\/\/wpserwis.cfolks.pl\/r2\/wp-json\/wp\/v2\/tags?post=37223"}],"curies":[{"name":"wp","href":"https:\/\/api.w.org\/{rel}","templated":true}]}}