{"id":37235,"date":"2025-10-02T08:48:06","date_gmt":"2025-10-02T06:48:06","guid":{"rendered":"https:\/\/wtw.waw.pl\/?p=37235"},"modified":"2025-10-02T08:48:06","modified_gmt":"2025-10-02T06:48:06","slug":"dobry-wystep-naszych-zeglarzy-na-mistrzostwach-mlodzikow","status":"publish","type":"post","link":"https:\/\/wpserwis.cfolks.pl\/r2\/dobry-wystep-naszych-zeglarzy-na-mistrzostwach-mlodzikow\/","title":{"rendered":"DOBRY WYST\u0118P NASZYCH \u017bEGLARZY NA MISTRZOSTWACH M\u0141ODZIK\u00d3W"},"content":{"rendered":"<div class=\"html-div xdj266r x14z9mp xat24cr x1lziwak xexx8yu xyri2b x18d9i69 x1c1uobl\" dir=\"auto\">\n<div class=\"html-div xdj266r x14z9mp xat24cr x1lziwak xexx8yu xyri2b x18d9i69 x1c1uobl\" data-ad-rendering-role=\"story_message\">\n<div id=\"_r_ac_\" class=\"x1l90r2v x1iorvi4 x1g0dm76 xpdmqnj\" data-ad-comet-preview=\"message\" data-ad-preview=\"message\">\n<div class=\"x78zum5 xdt5ytf xz62fqu x16ldp7u\">\n<div class=\"xu06os2 x1ok221b\">\n<div class=\"html-div xdj266r x14z9mp xat24cr x1lziwak xexx8yu xyri2b x18d9i69 x1c1uobl\">\n<div class=\"xdj266r x14z9mp xat24cr x1lziwak x1vvkbs x126k92a\">\n<div dir=\"auto\">\u015awietne starty naszych \u017ceglarzy na Mi\u0119dzywojew\u00f3dzkich Mistrzostwach M\u0142odzik\u00f3w<span class=\"html-span xexx8yu xyri2b x18d9i69 x1c1uobl x1hl2dhg x16tdsg8 x1vvkbs x3nfvp2 x1j61x8r x1fcty0u xdj266r xat24cr xm2jcoa x1mpyi22 xxymvpz xlup9mm x1kky2od\">.<\/span><\/div>\n<div dir=\"auto\">&nbsp;<\/div>\n<\/div>\n<div class=\"x14z9mp xat24cr x1lziwak x1vvkbs xtlvy1s x126k92a\">\n<div dir=\"auto\">Pierwszego dnia regat silny wiatr postawi\u0142 przed zawodnikami du\u017ce wyzwanie i wymaga\u0142 ogromnej sprawno\u015bci! Drugiego dnia warunki by\u0142y ju\u017c stabilniejsze, co pozwoli\u0142o skupi\u0107 si\u0119 na taktyce i \u017ceglarskich umiej\u0119tno\u015bciach.<\/div>\n<\/div>\n<div class=\"x14z9mp xat24cr x1lziwak x1vvkbs xtlvy1s x126k92a\">\n<div dir=\"auto\">W regatach floty nasi reprezentanci spisali si\u0119 znakomicie:<\/div>\n<\/div>\n<div class=\"x14z9mp xat24cr x1lziwak x1vvkbs xtlvy1s x126k92a\">\n<div dir=\"auto\">Franek- 4 miejsce<\/div>\n<div dir=\"auto\">Wojtek- 7 miejsce<\/div>\n<div dir=\"auto\">Antek &#8211; 22 miejsce<\/div>\n<\/div>\n<div class=\"x14z9mp xat24cr x1lziwak x1vvkbs xtlvy1s x126k92a\">\n<div dir=\"auto\">&nbsp;<\/div>\n<div dir=\"auto\">W sprintach Franek pop\u0142yn\u0105\u0142 rewelacyjnie i wywalczy\u0142 srebrny medal .<\/div>\n<\/div>\n<div class=\"x14z9mp xat24cr x1lziwak x1vvkbs xtlvy1s x126k92a\">\n<div dir=\"auto\">&nbsp;<\/div>\n<div dir=\"auto\">Ogromne gratulacje dla wszystkich \u017ceglarzy i trener\u00f3w! !<\/div>\n<\/div>\n<div class=\"x14z9mp xat24cr x1lziwak x1vvkbs xtlvy1s x126k92a\">\n<div dir=\"auto\">Brawo WY&nbsp;!<\/div>\n<\/div>\n<\/div>\n<\/div>\n<\/div>\n<\/div>\n<\/div>\n<\/div>\n<div dir=\"auto\">&nbsp;<\/div>\n<div dir=\"auto\">&nbsp;<\/div>\n<div dir=\"auto\"><a href=\"https:\/\/wpserwis.cfolks.pl\/r2\/wp-content\/uploads\/2025\/10\/556951359_1211250434365142_4955143224537447770_n.jpg\"><img loading=\"lazy\" decoding=\"async\" class=\"alignnone wp-image-37236 size-medium\" src=\"https:\/\/wpserwis.cfolks.pl\/r2\/wp-content\/uploads\/2025\/10\/556951359_1211250434365142_4955143224537447770_n-247x300.jpg\" alt=\"\" width=\"247\" height=\"300\"><\/a> <a href=\"https:\/\/wpserwis.cfolks.pl\/r2\/wp-content\/uploads\/2025\/10\/557611970_1211250411031811_6952472284500977982_n.jpg\"><img loading=\"lazy\" decoding=\"async\" class=\"alignnone wp-image-37237 size-medium\" src=\"https:\/\/wpserwis.cfolks.pl\/r2\/wp-content\/uploads\/2025\/10\/557611970_1211250411031811_6952472284500977982_n-250x300.jpg\" alt=\"\" width=\"250\" height=\"300\"><\/a> <a href=\"https:\/\/wpserwis.cfolks.pl\/r2\/wp-content\/uploads\/2025\/10\/559380689_1211250394365146_8802497836562791804_n.jpg\"><img loading=\"lazy\" decoding=\"async\" class=\"alignnone wp-image-37238 size-medium\" src=\"https:\/\/wpserwis.cfolks.pl\/r2\/wp-content\/uploads\/2025\/10\/559380689_1211250394365146_8802497836562791804_n-246x300.jpg\" alt=\"\" width=\"246\" height=\"300\"><\/a><\/div>\n<div dir=\"auto\">&nbsp;<\/div>\n<div dir=\"auto\">&nbsp;<\/div>\n","protected":false},"excerpt":{"rendered":"<p>\u015awietne starty naszych \u017ceglarzy na Mi\u0119dzywojew\u00f3dzkich Mistrzostwach M\u0142odzik\u00f3w. &nbsp; Pierwszego dnia regat silny wiatr postawi\u0142 przed zawodnikami du\u017ce wyzwanie i wymaga\u0142 ogromnej sprawno\u015bci! Drugiego dnia warunki by\u0142y ju\u017c stabilniejsze, co pozwoli\u0142o skupi\u0107 si\u0119 na taktyce i \u017ceglarskich umiej\u0119tno\u015bciach. W regatach floty nasi reprezentanci spisali si\u0119 znakomicie: Franek- 4 miejsce Wojtek- 7 miejsce Antek &#8211; 22 [&hellip;]<\/p>\n","protected":false},"author":1,"featured_media":37237,"comment_status":"closed","ping_status":"closed","sticky":false,"template":"","format":"standard","meta":{"_acf_changed":false,"footnotes":""},"categories":[1],"tags":[],"class_list":["post-37235","post","type-post","status-publish","format-standard","has-post-thumbnail","hentry","category-bez-kategorii"],"acf":[],"_links":{"self":[{"href":"https:\/\/wpserwis.cfolks.pl\/r2\/wp-json\/wp\/v2\/posts\/37235","targetHints":{"allow":["GET"]}}],"collection":[{"href":"https:\/\/wpserwis.cfolks.pl\/r2\/wp-json\/wp\/v2\/posts"}],"about":[{"href":"https:\/\/wpserwis.cfolks.pl\/r2\/wp-json\/wp\/v2\/types\/post"}],"author":[{"embeddable":true,"href":"https:\/\/wpserwis.cfolks.pl\/r2\/wp-json\/wp\/v2\/users\/1"}],"replies":[{"embeddable":true,"href":"https:\/\/wpserwis.cfolks.pl\/r2\/wp-json\/wp\/v2\/comments?post=37235"}],"version-history":[{"count":0,"href":"https:\/\/wpserwis.cfolks.pl\/r2\/wp-json\/wp\/v2\/posts\/37235\/revisions"}],"wp:featuredmedia":[{"embeddable":true,"href":"https:\/\/wpserwis.cfolks.pl\/r2\/wp-json\/"}],"wp:attachment":[{"href":"https:\/\/wpserwis.cfolks.pl\/r2\/wp-json\/wp\/v2\/media?parent=37235"}],"wp:term":[{"taxonomy":"category","embeddable":true,"href":"https:\/\/wpserwis.cfolks.pl\/r2\/wp-json\/wp\/v2\/categories?post=37235"},{"taxonomy":"post_tag","embeddable":true,"href":"https:\/\/wpserwis.cfolks.pl\/r2\/wp-json\/wp\/v2\/tags?post=37235"}],"curies":[{"name":"wp","href":"https:\/\/api.w.org\/{rel}","templated":true}]}}