{"id":37240,"date":"2025-10-02T09:01:38","date_gmt":"2025-10-02T07:01:38","guid":{"rendered":"https:\/\/wtw.waw.pl\/?p=37240"},"modified":"2025-10-02T09:01:38","modified_gmt":"2025-10-02T07:01:38","slug":"bylisuy-na-wielkiej-wioslarskiej-w-bydgoszczy","status":"publish","type":"post","link":"https:\/\/wpserwis.cfolks.pl\/r2\/bylisuy-na-wielkiej-wioslarskiej-w-bydgoszczy\/","title":{"rendered":"BYLI\u015aMY NA WIELKIEJ WIO\u015aLARSKIEJ W BYDGOSZCZY"},"content":{"rendered":"<div class=\"xdj266r x14z9mp xat24cr x1lziwak x1vvkbs x126k92a\">\n<div dir=\"auto\">Wielka Wio\u015blarska w Bydgoszczy 2025 za Nami .<\/div>\n<\/div>\n<div class=\"x14z9mp xat24cr x1lziwak x1vvkbs xtlvy1s x126k92a\">\n<div dir=\"auto\">\u201eWielka Wio\u015blarska o Puchar Brdy\u201d to tradycyjne regaty \u00f3semek ze sternikiem, organizowane corocznie w Bydgoszczy na rzece Brdzie. \ufffcw tym roku <span class=\"html-span xdj266r x14z9mp xat24cr x1lziwak xexx8yu xyri2b x18d9i69 x1c1uobl x1hl2dhg x16tdsg8 x1vvkbs\"><a class=\"x1i10hfl xjbqb8w x1ejq31n x18oe1m7 x1sy0etr xstzfhl x972fbf x10w94by x1qhh985 x14e42zd x9f619 x1ypdohk xt0psk2 x3ct3a4 xdj266r x14z9mp xat24cr x1lziwak xexx8yu xyri2b x18d9i69 x1c1uobl x16tdsg8 x1hl2dhg xggy1nq x1a2a7pz xkrqix3 x1sur9pj x1fey0fg x1s688f\" tabindex=\"0\" role=\"link\" href=\"https:\/\/www.facebook.com\/hashtag\/wtwteam?__cft__[0]=AZWEWv1Mi83JuHLppVReCrhu-Ka-C_dcFFmlQjdPa5r8OGQy0WlohK2vCEhykkMUftz0tDafn_tdEhpnybnuJ5xGzfdyDM_hGtHJgb1Hd2Nsts938Eh7i3tVvWA5jsTrFLJTJ8Cz7yxnYtQGrARpevBsW--rOSKLCc-95KVt2tqBLBNlnM2XdykrJzdnSbP9Qhk&amp;__tn__=*NK-R\">#wtwteam<\/a><\/span> reprezentowali nasi Panowie kategorii Masters .<\/div>\n<\/div>\n<div class=\"x14z9mp xat24cr x1lziwak x1vvkbs xtlvy1s x126k92a\">\n<div dir=\"auto\">&nbsp;<\/div>\n<div dir=\"auto\">Mamy relacj\u0119 od Leszka Kalinowskiego:<\/div>\n<\/div>\n<div class=\"x14z9mp xat24cr x1lziwak x1vvkbs xtlvy1s x126k92a\">\n<div dir=\"auto\">\u201c <em>Atmosfera by\u0142a wyj\u0105tkowa, kibice zapewnili doskona\u0142e wsparcie na ca\u0142ym dystansie 1500 metr\u00f3w. Organizacja wydarzenia by\u0142a na najwy\u017cszym poziomie, a sam wy\u015bcig dla nas przebieg\u0142 bez zarzutu. Bydgoszcz zostanie z pewno\u015bci\u0105 wpisana na sta\u0142e do naszego kalendarza. Ponadto, wioska wio\u015blarska zachwyci\u0142a nas swoj\u0105 ofert\u0105, w tym doskona\u0142ym jedzeniem, medalami, koncertem oraz pokazem flyboardingu. Zwiedzanie star\u00f3wki r\u00f3wnie\u017c stanowi\u0142o istotny element naszego programu<\/em>.\u201c<\/div>\n<\/div>\n<div dir=\"auto\">&nbsp;<\/div>\n<div dir=\"auto\">Warto odnotowa\u0107, \u017ce podczas zawod\u00f3w obecna by\u0142a jeszcze jedna \u00f3semka WTW ze sternikiem, a w zasadzie ze sterniczk\u0105. By\u0142a to \u00f3semka dziewcz\u0105t z grupy regatowej wio\u015blarskiej, razem z trenerem koordynatorem Dominikiem Brodziakiem.<\/div>\n<div dir=\"auto\">&nbsp;<\/div>\n<div class=\"x14z9mp xat24cr x1lziwak x1vvkbs xtlvy1s x126k92a\">\n<div dir=\"auto\">Gratulujemy! Pami\u0119tajmy, \u017ce Panie jak i Panowie przygotowywali si\u0119 do tego startu g\u0142\u00f3wnie na l\u0105dzie\u2026przed brak wody w Wi\u015ble .<\/div>\n<div dir=\"auto\">&nbsp;<\/div>\n<\/div>\n<div dir=\"auto\">&nbsp;<\/div>\n<div dir=\"auto\"><a href=\"https:\/\/wpserwis.cfolks.pl\/r2\/wp-content\/uploads\/2025\/10\/558295838_18525132931016863_2620830779012904193_n.jpg\"><img loading=\"lazy\" decoding=\"async\" class=\"alignnone wp-image-37241 size-medium\" src=\"https:\/\/wpserwis.cfolks.pl\/r2\/wp-content\/uploads\/2025\/10\/558295838_18525132931016863_2620830779012904193_n-300x157.jpg\" alt=\"\" width=\"300\" height=\"157\"><\/a> <a href=\"https:\/\/wpserwis.cfolks.pl\/r2\/wp-content\/uploads\/2025\/10\/557725974_18525132919016863_8655736479157770858_n.jpg\"><img loading=\"lazy\" decoding=\"async\" class=\"alignnone wp-image-37242 size-medium\" src=\"https:\/\/wpserwis.cfolks.pl\/r2\/wp-content\/uploads\/2025\/10\/557725974_18525132919016863_8655736479157770858_n-300x157.jpg\" alt=\"\" width=\"300\" height=\"157\"><\/a> <a href=\"https:\/\/wpserwis.cfolks.pl\/r2\/wp-content\/uploads\/2025\/10\/557439426_18525132910016863_5042262588250448058_n.jpg\"><img loading=\"lazy\" decoding=\"async\" class=\"alignnone wp-image-37243 size-medium\" src=\"https:\/\/wpserwis.cfolks.pl\/r2\/wp-content\/uploads\/2025\/10\/557439426_18525132910016863_5042262588250448058_n-300x157.jpg\" alt=\"\" width=\"300\" height=\"157\"><\/a> <a href=\"https:\/\/wpserwis.cfolks.pl\/r2\/wp-content\/uploads\/2025\/10\/557361851_18525132940016863_6923920756641534868_n.jpg\"><img loading=\"lazy\" decoding=\"async\" class=\"alignnone wp-image-37244 size-medium\" src=\"https:\/\/wpserwis.cfolks.pl\/r2\/wp-content\/uploads\/2025\/10\/557361851_18525132940016863_6923920756641534868_n-300x157.jpg\" alt=\"\" width=\"300\" height=\"157\"><\/a><\/div>\n<div dir=\"auto\">&nbsp;<\/div>\n<div dir=\"auto\">&nbsp;<\/div>\n<div dir=\"auto\">&nbsp;<\/div>\n","protected":false},"excerpt":{"rendered":"<p>Wielka Wio\u015blarska w Bydgoszczy 2025 za Nami . \u201eWielka Wio\u015blarska o Puchar Brdy\u201d to tradycyjne regaty \u00f3semek ze sternikiem, organizowane corocznie w Bydgoszczy na rzece Brdzie. \ufffcw tym roku #wtwteam reprezentowali nasi Panowie kategorii Masters . &nbsp; Mamy relacj\u0119 od Leszka Kalinowskiego: \u201c Atmosfera by\u0142a wyj\u0105tkowa, kibice zapewnili doskona\u0142e wsparcie na ca\u0142ym dystansie 1500 metr\u00f3w. [&hellip;]<\/p>\n","protected":false},"author":1,"featured_media":37245,"comment_status":"closed","ping_status":"closed","sticky":false,"template":"","format":"standard","meta":{"_acf_changed":false,"footnotes":""},"categories":[1],"tags":[],"class_list":["post-37240","post","type-post","status-publish","format-standard","has-post-thumbnail","hentry","category-bez-kategorii"],"acf":[],"_links":{"self":[{"href":"https:\/\/wpserwis.cfolks.pl\/r2\/wp-json\/wp\/v2\/posts\/37240","targetHints":{"allow":["GET"]}}],"collection":[{"href":"https:\/\/wpserwis.cfolks.pl\/r2\/wp-json\/wp\/v2\/posts"}],"about":[{"href":"https:\/\/wpserwis.cfolks.pl\/r2\/wp-json\/wp\/v2\/types\/post"}],"author":[{"embeddable":true,"href":"https:\/\/wpserwis.cfolks.pl\/r2\/wp-json\/wp\/v2\/users\/1"}],"replies":[{"embeddable":true,"href":"https:\/\/wpserwis.cfolks.pl\/r2\/wp-json\/wp\/v2\/comments?post=37240"}],"version-history":[{"count":0,"href":"https:\/\/wpserwis.cfolks.pl\/r2\/wp-json\/wp\/v2\/posts\/37240\/revisions"}],"wp:featuredmedia":[{"embeddable":true,"href":"https:\/\/wpserwis.cfolks.pl\/r2\/wp-json\/"}],"wp:attachment":[{"href":"https:\/\/wpserwis.cfolks.pl\/r2\/wp-json\/wp\/v2\/media?parent=37240"}],"wp:term":[{"taxonomy":"category","embeddable":true,"href":"https:\/\/wpserwis.cfolks.pl\/r2\/wp-json\/wp\/v2\/categories?post=37240"},{"taxonomy":"post_tag","embeddable":true,"href":"https:\/\/wpserwis.cfolks.pl\/r2\/wp-json\/wp\/v2\/tags?post=37240"}],"curies":[{"name":"wp","href":"https:\/\/api.w.org\/{rel}","templated":true}]}}