{"id":37267,"date":"2025-10-06T09:15:47","date_gmt":"2025-10-06T07:15:47","guid":{"rendered":"https:\/\/wtw.waw.pl\/?p=37267"},"modified":"2025-10-06T09:15:47","modified_gmt":"2025-10-06T07:15:47","slug":"zakonczenie-sezonu-wtw-warszawa-25-10","status":"publish","type":"post","link":"https:\/\/wpserwis.cfolks.pl\/r2\/zakonczenie-sezonu-wtw-warszawa-25-10\/","title":{"rendered":"ZAKO\u0143CZENIE SEZONU WTW WARSZAWA &#8211; 25.10"},"content":{"rendered":"<p>Z przyjemno\u015bci\u0105 informujemy, \u017ce w dniu 25.10.2025r&nbsp; o godzinie 16:00 odb\u0119dzie si\u0119 Uroczysto\u015b\u0107 Zako\u0144czenia Sezonu WTW Warszawa<\/p>\n<p>Serdecznie zapraszamy o godzinie 16:00 na przysta\u0144 przy ul. Wio\u015blarskiej 6 w Warszawie.<\/p>\n<p>&nbsp;<\/p>\n<p><strong>Program uroczysto\u015bci:<\/strong><\/p>\n<p>16:00&nbsp; \u2013 Pocz\u0105tek oficjalnej cz\u0119\u015bci uroczysto\u015bci (przysta\u0144 WTW, ul. Wio\u015blarska 6), w programie:&nbsp;&nbsp;&nbsp;&nbsp;&nbsp;&nbsp;&nbsp;&nbsp;&nbsp;&nbsp;&nbsp;&nbsp;&nbsp;&nbsp;&nbsp;&nbsp;&nbsp;&nbsp;&nbsp;&nbsp;&nbsp;&nbsp;&nbsp;&nbsp;<\/p>\n<p>\u2013 Wej\u015bcie pocztu sztandarowego i flagowego<\/p>\n<p>\u2013 Meldunek<\/p>\n<p>\u2013 Przywitanie Go\u015bci<\/p>\n<p>\u2013 Wyst\u0105pienie Prezesa WTW<\/p>\n<p>\u2013 Wr\u0119czenie nagr\u00f3d \u201eNadzieja WTW\u201d<\/p>\n<p>\u2013 Wr\u0119czenie nagrody dla najlepszego sportowca WTW w 2025 roku<\/p>\n<p>\u2013 Opuszczenie bandery<\/p>\n<p>\u2013 Wyj\u015bcie pocztu sztandarowego<\/p>\n<p>16:40&nbsp; \u2013 Zako\u0144czenie cz\u0119\u015bci oficjalnej.<\/p>\n<p>&nbsp;<\/p>\n<p>&nbsp;<\/p>\n<p>&nbsp;<\/p>\n<p>.<\/p>\n","protected":false},"excerpt":{"rendered":"<p>Z przyjemno\u015bci\u0105 informujemy, \u017ce w dniu 25.10.2025r&nbsp; o godzinie 16:00 odb\u0119dzie si\u0119 Uroczysto\u015b\u0107 Zako\u0144czenia Sezonu WTW Warszawa Serdecznie zapraszamy o godzinie 16:00 na przysta\u0144 przy ul. Wio\u015blarskiej 6 w Warszawie. &nbsp; Program uroczysto\u015bci: 16:00&nbsp; \u2013 Pocz\u0105tek oficjalnej cz\u0119\u015bci uroczysto\u015bci (przysta\u0144 WTW, ul. Wio\u015blarska 6), w programie:&nbsp;&nbsp;&nbsp;&nbsp;&nbsp;&nbsp;&nbsp;&nbsp;&nbsp;&nbsp;&nbsp;&nbsp;&nbsp;&nbsp;&nbsp;&nbsp;&nbsp;&nbsp;&nbsp;&nbsp;&nbsp;&nbsp;&nbsp;&nbsp; \u2013 Wej\u015bcie pocztu sztandarowego i flagowego \u2013 Meldunek \u2013 [&hellip;]<\/p>\n","protected":false},"author":1,"featured_media":37268,"comment_status":"closed","ping_status":"closed","sticky":false,"template":"","format":"standard","meta":{"_acf_changed":false,"footnotes":""},"categories":[1],"tags":[],"class_list":["post-37267","post","type-post","status-publish","format-standard","has-post-thumbnail","hentry","category-bez-kategorii"],"acf":[],"_links":{"self":[{"href":"https:\/\/wpserwis.cfolks.pl\/r2\/wp-json\/wp\/v2\/posts\/37267","targetHints":{"allow":["GET"]}}],"collection":[{"href":"https:\/\/wpserwis.cfolks.pl\/r2\/wp-json\/wp\/v2\/posts"}],"about":[{"href":"https:\/\/wpserwis.cfolks.pl\/r2\/wp-json\/wp\/v2\/types\/post"}],"author":[{"embeddable":true,"href":"https:\/\/wpserwis.cfolks.pl\/r2\/wp-json\/wp\/v2\/users\/1"}],"replies":[{"embeddable":true,"href":"https:\/\/wpserwis.cfolks.pl\/r2\/wp-json\/wp\/v2\/comments?post=37267"}],"version-history":[{"count":0,"href":"https:\/\/wpserwis.cfolks.pl\/r2\/wp-json\/wp\/v2\/posts\/37267\/revisions"}],"wp:featuredmedia":[{"embeddable":true,"href":"https:\/\/wpserwis.cfolks.pl\/r2\/wp-json\/"}],"wp:attachment":[{"href":"https:\/\/wpserwis.cfolks.pl\/r2\/wp-json\/wp\/v2\/media?parent=37267"}],"wp:term":[{"taxonomy":"category","embeddable":true,"href":"https:\/\/wpserwis.cfolks.pl\/r2\/wp-json\/wp\/v2\/categories?post=37267"},{"taxonomy":"post_tag","embeddable":true,"href":"https:\/\/wpserwis.cfolks.pl\/r2\/wp-json\/wp\/v2\/tags?post=37267"}],"curies":[{"name":"wp","href":"https:\/\/api.w.org\/{rel}","templated":true}]}}