{"id":200,"date":"2025-09-09T17:00:05","date_gmt":"2025-09-09T15:00:05","guid":{"rendered":"https:\/\/wpserwis.cfolks.pl\/rodm\/?p=200"},"modified":"2025-09-10T09:08:41","modified_gmt":"2025-09-10T07:08:41","slug":"spotkanie-z-pania-joanna-skoczek-charge-daffaires-polski-w-wietnamie","status":"publish","type":"post","link":"https:\/\/wpserwis.cfolks.pl\/rodm\/spotkanie-z-pania-joanna-skoczek-charge-daffaires-polski-w-wietnamie\/","title":{"rendered":"Spotkanie z Pani\u0105 Joann\u0105 Skoczek, charge d&#8217;affaires Polski w Wietnamie"},"content":{"rendered":"<p>27 czerwca w Miejskiej Bibliotece Publicznej w Opolu odby\u0142o si\u0119 spotkanie z pani\u0105 Joann\u0105 Skoczek, charge d&#8217;affaires RP w Socjalistycznej Republice Wietnamu. Spotkanie wpisa\u0142o si\u0119 w inicjatyw\u0119 miejskiej Nocy Kultury.<\/p>\n<p>Podczas dyskusji poruszone zosta\u0142y tematy polskiej i europejskiej agendy w Wietnamie w dobie polityki &#8222;nowej ery&#8221;. Pani ambasador zdradzi\u0142a r\u00f3wnie\u017c nieco kuluarowych sposob\u00f3w prowadzenia polityki promocji Polski i dostosowania si\u0119 do wietnamskiego, bardzo konkretnego, sposobu prowadzenia rozm\u00f3w.<\/p>\n<p>Osobnym tematem w dyskusji by\u0142y tak\u017ce \u015bcie\u017cki rozwoju w karierze dyplomaty: jak rozpocz\u0105\u0107 staranie si\u0119 o wej\u015bcie w szeregi S\u0142u\u017cby Zagranicznej, jakie wyzwania stoj\u0105 przed dyplomatami, zw\u0142aszcza m\u0142odymi i jak przygotowa\u0107 si\u0119 do tej wymagaj\u0105cej roli.<\/p>\n<p>Wydarzenie cieszy\u0142o si\u0119 du\u017cym zainteresowaniem. A przekr\u00f3j wiekowy widowni, co nas szczeg\u00f3lnie cieszy, by\u0142 bardzo szeroki.<\/p>\n<p>Z pani\u0105 Joann\u0105 Skoczek rozmawia\u0142a Olga Chrebor. Spotkanie zorganizowane by\u0142o we wsp\u00f3\u0142pracy z Urz\u0119dem Miejskim Opola i Miejsk\u0105 Bibliotek\u0105 Publiczn\u0105 w Opolu.<\/p>\n","protected":false},"excerpt":{"rendered":"<p>27 czerwca w Miejskiej Bibliotece Publicznej w Opolu odby\u0142o si\u0119 spotkanie z... <a href=\"https:\/\/wpserwis.cfolks.pl\/rodm\/spotkanie-z-pania-joanna-skoczek-charge-daffaires-polski-w-wietnamie\/\">&raquo;<\/a>","protected":false},"author":2,"featured_media":201,"comment_status":"open","ping_status":"open","sticky":false,"template":"single-templates\/single-sidebar-none.php","format":"standard","meta":{"_acf_changed":false,"footnotes":""},"categories":[2],"tags":[],"class_list":["post-200","post","type-post","status-publish","format-standard","has-post-thumbnail","hentry","category-aktualnosci"],"acf":[],"_links":{"self":[{"href":"https:\/\/wpserwis.cfolks.pl\/rodm\/wp-json\/wp\/v2\/posts\/200","targetHints":{"allow":["GET"]}}],"collection":[{"href":"https:\/\/wpserwis.cfolks.pl\/rodm\/wp-json\/wp\/v2\/posts"}],"about":[{"href":"https:\/\/wpserwis.cfolks.pl\/rodm\/wp-json\/wp\/v2\/types\/post"}],"author":[{"embeddable":true,"href":"https:\/\/wpserwis.cfolks.pl\/rodm\/wp-json\/wp\/v2\/users\/2"}],"replies":[{"embeddable":true,"href":"https:\/\/wpserwis.cfolks.pl\/rodm\/wp-json\/wp\/v2\/comments?post=200"}],"version-history":[{"count":3,"href":"https:\/\/wpserwis.cfolks.pl\/rodm\/wp-json\/wp\/v2\/posts\/200\/revisions"}],"predecessor-version":[{"id":227,"href":"https:\/\/wpserwis.cfolks.pl\/rodm\/wp-json\/wp\/v2\/posts\/200\/revisions\/227"}],"wp:featuredmedia":[{"embeddable":true,"href":"https:\/\/wpserwis.cfolks.pl\/rodm\/wp-json\/wp\/v2\/media\/201"}],"wp:attachment":[{"href":"https:\/\/wpserwis.cfolks.pl\/rodm\/wp-json\/wp\/v2\/media?parent=200"}],"wp:term":[{"taxonomy":"category","embeddable":true,"href":"https:\/\/wpserwis.cfolks.pl\/rodm\/wp-json\/wp\/v2\/categories?post=200"},{"taxonomy":"post_tag","embeddable":true,"href":"https:\/\/wpserwis.cfolks.pl\/rodm\/wp-json\/wp\/v2\/tags?post=200"}],"curies":[{"name":"wp","href":"https:\/\/api.w.org\/{rel}","templated":true}]}}