{"id":217,"date":"2025-09-09T17:43:09","date_gmt":"2025-09-09T15:43:09","guid":{"rendered":"https:\/\/wpserwis.cfolks.pl\/rodm\/?p=217"},"modified":"2025-09-10T09:06:32","modified_gmt":"2025-09-10T07:06:32","slug":"warsztaty-kobiety-w-dyplomacji-samorzadowej-dlaczego-warto-i-jak-zaczac","status":"publish","type":"post","link":"https:\/\/wpserwis.cfolks.pl\/rodm\/warsztaty-kobiety-w-dyplomacji-samorzadowej-dlaczego-warto-i-jak-zaczac\/","title":{"rendered":"Warsztaty &#8222;Kobiety w dyplomacji samorz\u0105dowej. Dlaczego warto i jak zacz\u0105\u0107&#8221;?"},"content":{"rendered":"<p>Zapraszamy na cykl warsztat\u00f3w po\u015bwi\u0119conych kobietom w dyplomacji samorz\u0105dowej, kt\u00f3re odb\u0119d\u0105 si\u0119 ju\u017c za dwa tygodnie w Kamiennej G\u00f3rze, K\u0119dzierzynie-Ko\u017alu i Jeleniej G\u00f3rze. Warsztaty poprowadzi<span style=\"font-weight: 400;\"> Ma\u0142gorzata Kopka-Pi\u0105tek.\u00a0<\/span><\/p>\n<p><b>Dla kogo przeznaczony jest warsztat?<\/b><\/p>\n<ul>\n<li><span style=\"font-weight: 400;\"> przedstawicieli i przedstawicielek w\u0142adz samorz\u0105dowych i instytucji lokalnych<\/span><\/li>\n<li><span style=\"font-weight: 400;\"> przedstawicieli i przedstawicielek organizacji i inicjatyw zrzeszaj\u0105cych spo\u0142eczno\u015b\u0107 na poziomie lokalnym<\/span><\/li>\n<\/ul>\n<p><b>O czym b\u0119dzie spotkanie?\u00a0<\/b><\/p>\n<p><span style=\"font-weight: 400;\">Warsztat b\u0119dzie okazj\u0105 do przyjrzenia si\u0119 roli kobiet w dyplomacji samorz\u0105dowej \u2013 czyli w dzia\u0142aniach zagranicznych prowadzonych przez samorz\u0105dy i spo\u0142eczno\u015bci lokalne. Uczestnicy dowiedz\u0105 si\u0119, dlaczego warto anga\u017cowa\u0107 si\u0119 w wsp\u00f3\u0142prac\u0119 mi\u0119dzynarodow\u0105 i jak zrobi\u0107 pierwszy krok w tym kierunku \u2013 nawet bez wcze\u015bniejszego do\u015bwiadczenia.<\/span><\/p>\n<p><span style=\"font-weight: 400;\">Porozmawiamy o motywacjach, korzy\u015bciach dla siebie i swojego otoczenia, a tak\u017ce o praktycznych aspektach: jak znale\u017a\u0107 pomys\u0142, jak nawi\u0105za\u0107 wsp\u00f3\u0142prac\u0119 z partnerem z zagranicy i jak korzysta\u0107 z dobrych praktyk. Warsztat b\u0119dzie mia\u0142 charakter interaktywny \u2013 z przestrzeni\u0105 na pytania, dyskusj\u0119 i dzielenie si\u0119 do\u015bwiadczeniami.<\/span><\/p>\n<p><b>Tematy warsztatu:<\/b><\/p>\n<ul>\n<li style=\"font-weight: 400;\" aria-level=\"1\"><span style=\"font-weight: 400;\">Dlaczego warto anga\u017cowa\u0107 kobiety w dyplomacj\u0119 samorz\u0105dow\u0105?<\/span><\/li>\n<li style=\"font-weight: 400;\" aria-level=\"1\"><span style=\"font-weight: 400;\">Co daje wsp\u00f3\u0142praca mi\u0119dzynarodowa \u2013 osobom, instytucjom i spo\u0142eczno\u015bciom?<\/span><\/li>\n<li style=\"font-weight: 400;\" aria-level=\"1\"><span style=\"font-weight: 400;\">Od czego zacz\u0105\u0107? Pomys\u0142, partner, pierwszy krok.<\/span><\/li>\n<li style=\"font-weight: 400;\" aria-level=\"1\"><span style=\"font-weight: 400;\">Dobre praktyki i sprawdzone formaty \u2013 zainspiruj si\u0119 do\u015bwiadczeniami innych.<\/span><\/li>\n<\/ul>\n<p><strong>HARMONOGRAM:<\/strong><\/p>\n<p><strong>22.09<\/strong>, godz. 10:00 &#8211; Ratusz, <strong>Kamienna G\u00f3ra,<\/strong> pl. Grunwaldzki 1 (Sala Witra\u017cowa)<\/p>\n<p><strong>23.09<\/strong>, godz. 12:00 &#8211; Muzeum Karkonoskie, <strong>Jelenia G\u00f3ra<\/strong>, ul. Matejki 28<\/p>\n<p><strong>24.09<\/strong>, godz. 12:00 &#8211; Centrum Obs\u0142ugi Inwestora, <strong>K\u0119dzierzyn-Ko\u017ale<\/strong>, ul. Wojska Polskiego 16F<\/p>\n<p>Partnerami wydarzenia s\u0105 Kolegium Europy Wschodniej, Miasto Kamienna G\u00f3ra, Miasto K\u0119dzierzyn-Ko\u017ale, Miejska Biblioteka Publiczna w Kamiennej G\u00f3rze, K\u0119dzierzy\u0144sko-Kozielski Park Przemys\u0142owy i Muzeum Karkonoskie w Jeleniej G\u00f3rze.<\/p>\n<p>&nbsp;<\/p>\n<p><br style=\"font-weight: 400;\" \/><br style=\"font-weight: 400;\" \/><\/p>\n","protected":false},"excerpt":{"rendered":"<p>Zapraszamy na cykl warsztat\u00f3w po\u015bwi\u0119conych kobietom w dyplomacji samorz\u0105dowej, kt\u00f3re odb\u0119d\u0105 si\u0119... <a href=\"https:\/\/wpserwis.cfolks.pl\/rodm\/warsztaty-kobiety-w-dyplomacji-samorzadowej-dlaczego-warto-i-jak-zaczac\/\">&raquo;<\/a>","protected":false},"author":2,"featured_media":218,"comment_status":"open","ping_status":"open","sticky":false,"template":"single-templates\/single-sidebar-none.php","format":"standard","meta":{"_acf_changed":false,"footnotes":""},"categories":[2,3],"tags":[],"class_list":["post-217","post","type-post","status-publish","format-standard","has-post-thumbnail","hentry","category-aktualnosci","category-wydarzenia"],"acf":[],"_links":{"self":[{"href":"https:\/\/wpserwis.cfolks.pl\/rodm\/wp-json\/wp\/v2\/posts\/217","targetHints":{"allow":["GET"]}}],"collection":[{"href":"https:\/\/wpserwis.cfolks.pl\/rodm\/wp-json\/wp\/v2\/posts"}],"about":[{"href":"https:\/\/wpserwis.cfolks.pl\/rodm\/wp-json\/wp\/v2\/types\/post"}],"author":[{"embeddable":true,"href":"https:\/\/wpserwis.cfolks.pl\/rodm\/wp-json\/wp\/v2\/users\/2"}],"replies":[{"embeddable":true,"href":"https:\/\/wpserwis.cfolks.pl\/rodm\/wp-json\/wp\/v2\/comments?post=217"}],"version-history":[{"count":2,"href":"https:\/\/wpserwis.cfolks.pl\/rodm\/wp-json\/wp\/v2\/posts\/217\/revisions"}],"predecessor-version":[{"id":220,"href":"https:\/\/wpserwis.cfolks.pl\/rodm\/wp-json\/wp\/v2\/posts\/217\/revisions\/220"}],"wp:featuredmedia":[{"embeddable":true,"href":"https:\/\/wpserwis.cfolks.pl\/rodm\/wp-json\/wp\/v2\/media\/218"}],"wp:attachment":[{"href":"https:\/\/wpserwis.cfolks.pl\/rodm\/wp-json\/wp\/v2\/media?parent=217"}],"wp:term":[{"taxonomy":"category","embeddable":true,"href":"https:\/\/wpserwis.cfolks.pl\/rodm\/wp-json\/wp\/v2\/categories?post=217"},{"taxonomy":"post_tag","embeddable":true,"href":"https:\/\/wpserwis.cfolks.pl\/rodm\/wp-json\/wp\/v2\/tags?post=217"}],"curies":[{"name":"wp","href":"https:\/\/api.w.org\/{rel}","templated":true}]}}